{"id":1029,"date":"2016-06-08T09:54:58","date_gmt":"2016-06-08T12:54:58","guid":{"rendered":"http:\/\/infoluro.com\/?p=1029"},"modified":"2016-06-08T10:21:55","modified_gmt":"2016-06-08T13:21:55","slug":"no-se-cobrara-la-energia-hasta-que-se-defina-la-tarifa","status":"publish","type":"post","link":"https:\/\/infoluro.com\/?p=1029","title":{"rendered":"No se cobrara la energ\u00eda hasta que se defina la tarifa"},"content":{"rendered":"<p>As\u00ed lo confirm\u00f3 Francisco P\u00e9rez Gerente de la Cooperativa El\u00e9ctrica de Pedro Luro de acuerdo a lo notificado ayer por el OCEBA: \u201cSi el juez falla contra al ajuste a favor de los valores del mes de febrero, se deber\u00e1 refacturar el monto; en caso de que ya se haya abonado, la diferencia se descontara en la pr\u00f3xima factura. Si se falla en favor del ajuste, se deber\u00e1 abonar lo que figura en la factura\u201d. El asociado que a\u00fan no haya pagado la factura deber\u00e1 hacerlo en las oficinas de la CELPL, donde solo se le cobrara servicios de internet, cr\u00e9ditos etc. Si se abona por otro sistema, se cobrara el total que figura en la factura. Francisco P\u00e9rez adem\u00e1s informo a la comunidad que el vencimiento de esta factura del periodo Mayo se va a prorrogar hasta fin de mes.<\/p>\n<!--[if lt IE 9]><script>document.createElement('audio');<\/script><![endif]-->\n<audio class=\"wp-audio-shortcode\" id=\"audio-1029-1\" preload=\"none\" style=\"width: 100%;\" controls=\"controls\"><source type=\"audio\/mpeg\" src=\"https:\/\/infoluro.com\/wp-content\/uploads\/2016\/06\/PACOPEREZ-LUZ-08062016.mp3?_=1\" \/><a href=\"https:\/\/infoluro.com\/wp-content\/uploads\/2016\/06\/PACOPEREZ-LUZ-08062016.mp3\">https:\/\/infoluro.com\/wp-content\/uploads\/2016\/06\/PACOPEREZ-LUZ-08062016.mp3<\/a><\/audio>\n<p><!--more--><\/p>\n<p>\u201cLa medida cautelar no hab\u00eda llegado a\u00fan a las cooperativas; ayer el OCEBA notifico que la medida tambi\u00e9n se aplicaba a estas\u201d.<\/p>\n<p>\u201cTerminamos de entregar la factura porque en ellas aparte de la energ\u00eda hay otros conceptos que se abonan. El asociado que a\u00fan no haya pagado la factura deber\u00e1 hacerlo en las oficinas de la CELPL. Si se abona por otro sistema, se cobrara el total que figura en la factura\u201d.<\/p>\n<p>Francisco P\u00e9rez adem\u00e1s inform\u00f3 a la comunidad que el vencimiento de esta factura del periodo Mayo se va a prorrogar del 13 de junio hasta fin de mes. Si el vecino desea pagar el total de la factura, tambien puede hacerlo; esto se debe a que si se falla en favor del ajuste al\u00a0 mes pr\u00f3ximo deber\u00e1 pagar el monto de este mes y el pr\u00f3ximo.<\/p>\n<p>\u201cSi el juez falla a favor de los valores del mes de febrero, se deber\u00e1 refacturar; en caso de que ya se haya abonado, la diferencia se descontara en la pr\u00f3xima factura. Si se falla en favor del ajuste, se deber\u00e1 abonar lo que figura en la factura\u201d.<\/p>\n<p>La compra de energ\u00eda de \u00a0la CELPL se hace con el aumento, pero la prestaci\u00f3n del servicio se cobra sin aumento. Se pagaba $100.000 por mes y ahora $600.000 sostuvo Perez \u00a0acerca de los valores en los que se compra la energ\u00eda.<\/p>\n<p>&nbsp;<\/p>\n","protected":false},"excerpt":{"rendered":"<p>As\u00ed lo confirm\u00f3 Francisco P\u00e9rez Gerente de la Cooperativa El\u00e9ctrica de Pedro Luro de acuerdo&#8230;<\/p>\n","protected":false},"author":2,"featured_media":226,"comment_status":"closed","ping_status":"closed","sticky":false,"template":"","format":"standard","meta":{"footnotes":""},"categories":[12,14],"tags":[],"_links":{"self":[{"href":"https:\/\/infoluro.com\/index.php?rest_route=\/wp\/v2\/posts\/1029"}],"collection":[{"href":"https:\/\/infoluro.com\/index.php?rest_route=\/wp\/v2\/posts"}],"about":[{"href":"https:\/\/infoluro.com\/index.php?rest_route=\/wp\/v2\/types\/post"}],"author":[{"embeddable":true,"href":"https:\/\/infoluro.com\/index.php?rest_route=\/wp\/v2\/users\/2"}],"replies":[{"embeddable":true,"href":"https:\/\/infoluro.com\/index.php?rest_route=%2Fwp%2Fv2%2Fcomments&post=1029"}],"version-history":[{"count":0,"href":"https:\/\/infoluro.com\/index.php?rest_route=\/wp\/v2\/posts\/1029\/revisions"}],"wp:featuredmedia":[{"embeddable":true,"href":"https:\/\/infoluro.com\/index.php?rest_route=\/wp\/v2\/media\/226"}],"wp:attachment":[{"href":"https:\/\/infoluro.com\/index.php?rest_route=%2Fwp%2Fv2%2Fmedia&parent=1029"}],"wp:term":[{"taxonomy":"category","embeddable":true,"href":"https:\/\/infoluro.com\/index.php?rest_route=%2Fwp%2Fv2%2Fcategories&post=1029"},{"taxonomy":"post_tag","embeddable":true,"href":"https:\/\/infoluro.com\/index.php?rest_route=%2Fwp%2Fv2%2Ftags&post=1029"}],"curies":[{"name":"wp","href":"https:\/\/api.w.org\/{rel}","templated":true}]}}