{"id":1034,"date":"2016-06-08T10:29:28","date_gmt":"2016-06-08T13:29:28","guid":{"rendered":"http:\/\/infoluro.com\/?p=1034"},"modified":"2016-06-08T10:34:14","modified_gmt":"2016-06-08T13:34:14","slug":"buscamos-fortalecer-la-presencia-del-gobierno-provincial-en-villarino","status":"publish","type":"post","link":"https:\/\/infoluro.com\/?p=1034","title":{"rendered":"\u201cBuscamos fortalecer la presencia del Gobierno Provincial en Villarino\u201d"},"content":{"rendered":"<p>Carlos Bevilacqua, Intendente de Villarino, participo junto a otros diez Intendentes \u00a0de un encuentro con la Gobernadora de Buenos Aires, Mar\u00eda Eugenia Vidal. \u201cDialogamos sobre el estado en el que encontramos al municipio, la deuda de $23 millones, pero con la firme voluntad de ordenar y encarrilar el distrito en lo financiero econ\u00f3mico y administrativo. Adem\u00e1s le transmit\u00ed la voluntad de trabajar codo a codo con la Provincia de Buenos Aires\u201d sostuvo Bevilacqua a la Zfm.<\/p>\n<!--[if lt IE 9]><script>document.createElement('audio');<\/script><![endif]-->\n<audio class=\"wp-audio-shortcode\" id=\"audio-1034-1\" preload=\"none\" style=\"width: 100%;\" controls=\"controls\"><source type=\"audio\/mpeg\" src=\"https:\/\/infoluro.com\/wp-content\/uploads\/2016\/06\/INTENDENTE-EN-BSAS-08062016.mp3?_=1\" \/><a href=\"https:\/\/infoluro.com\/wp-content\/uploads\/2016\/06\/INTENDENTE-EN-BSAS-08062016.mp3\">https:\/\/infoluro.com\/wp-content\/uploads\/2016\/06\/INTENDENTE-EN-BSAS-08062016.mp3<\/a><\/audio>\n<p><!--more--><\/p>\n<p>\u201cEstuvimos hablando sobre la necesidad de fortalecer la presencia del gobierno provincial\u00a0a nivel de salud con m\u00e1s ambulancias y presupuesto para m\u00e9dicos, en materia de seguridad con m\u00e1s patrulleros y agentes\u201d afirm\u00f3 el Intendente y destac\u00f3\u00a0\u201cDialogamos adem\u00e1s de futuras obras que beneficiar\u00e1n tanto a zonas urbanas como a rurales de Villarino\u201d.<\/p>\n<p>&nbsp;<\/p>\n<p>Este encuentro, se da en el marco de las reuniones que Bevilacqua viene manteniendo con funcionarios provinciales; la semana pasada el Jefe Comunal particip\u00f3 de una jornada en la que estuvo presente el Ministro de Agroindustria de la Provincia de Buenos Aires, Leonardo Sarqu\u00eds.<\/p>\n<p>El Intendente aprovech\u00f3 la oportunidad para hacer entrega a la gobernadora de productos regionales de Sabor Pampeano, de la Bodega al Este y de TRESAL, todas empresas de Villarino.<\/p>\n<p>&nbsp;<\/p>\n","protected":false},"excerpt":{"rendered":"<p>Carlos Bevilacqua, Intendente de Villarino, participo junto a otros diez Intendentes \u00a0de un encuentro con&#8230;<\/p>\n","protected":false},"author":2,"featured_media":1035,"comment_status":"closed","ping_status":"closed","sticky":false,"template":"","format":"standard","meta":{"footnotes":""},"categories":[12,9],"tags":[],"_links":{"self":[{"href":"https:\/\/infoluro.com\/index.php?rest_route=\/wp\/v2\/posts\/1034"}],"collection":[{"href":"https:\/\/infoluro.com\/index.php?rest_route=\/wp\/v2\/posts"}],"about":[{"href":"https:\/\/infoluro.com\/index.php?rest_route=\/wp\/v2\/types\/post"}],"author":[{"embeddable":true,"href":"https:\/\/infoluro.com\/index.php?rest_route=\/wp\/v2\/users\/2"}],"replies":[{"embeddable":true,"href":"https:\/\/infoluro.com\/index.php?rest_route=%2Fwp%2Fv2%2Fcomments&post=1034"}],"version-history":[{"count":0,"href":"https:\/\/infoluro.com\/index.php?rest_route=\/wp\/v2\/posts\/1034\/revisions"}],"wp:featuredmedia":[{"embeddable":true,"href":"https:\/\/infoluro.com\/index.php?rest_route=\/wp\/v2\/media\/1035"}],"wp:attachment":[{"href":"https:\/\/infoluro.com\/index.php?rest_route=%2Fwp%2Fv2%2Fmedia&parent=1034"}],"wp:term":[{"taxonomy":"category","embeddable":true,"href":"https:\/\/infoluro.com\/index.php?rest_route=%2Fwp%2Fv2%2Fcategories&post=1034"},{"taxonomy":"post_tag","embeddable":true,"href":"https:\/\/infoluro.com\/index.php?rest_route=%2Fwp%2Fv2%2Ftags&post=1034"}],"curies":[{"name":"wp","href":"https:\/\/api.w.org\/{rel}","templated":true}]}}