{"id":1053,"date":"2016-06-09T11:45:37","date_gmt":"2016-06-09T14:45:37","guid":{"rendered":"http:\/\/infoluro.com\/?p=1053"},"modified":"2016-06-09T11:46:28","modified_gmt":"2016-06-09T14:46:28","slug":"simoni-deja-el-pro-y-vuelve-a-la-ucr","status":"publish","type":"post","link":"https:\/\/infoluro.com\/?p=1053","title":{"rendered":"Simoni deja el PRO y vuelve a la UCR"},"content":{"rendered":"<p>Jorge Simoni se reuni\u00f3 con el vicegobernador Daniel Salvador, que lo recibi\u00f3 junto al senador Horacio L\u00f3pez y le manifest\u00f3 su intenci\u00f3n de volver a trabajar desde las filas de la Uni\u00f3n C\u00edvica Radical dentro de Cambiemos. \u201cNo quiero cargos, no vengo con ambiciones personales\u201d, se\u00f1al\u00f3 Simoni, para agregar: \u201cquiero terminar mis d\u00edas en la pol\u00edtica siendo de la UCR\u201d. Luego de ser intendente del partido de Villarino por la UCR, y diputado provincial, en las \u00faltimas elecciones, Simoni compiti\u00f3 como candidato del PRO dentro de Cambiemos. (Fuente: prensa Senador Horacio L\u00f3pez)<\/p>\n<p><!--more--><\/p>\n<p>Por intermedio del senador L\u00f3pez, el ex intendente radical de Villarino, y reciente precandidato a intendente por Cambiemos, Jorge \u2018Zorro\u2019 Simoni, estuvo reunido ayer con el Vicegobernador bonaerense. Durante el encuentro, del que participaron Salvador, L\u00f3pez y Simoni, el experimentado dirigente radical del sur bonaerense manifest\u00f3 querer \u201ctrabajar por la UCR dentro de Cambiemos\u201d.<\/p>\n","protected":false},"excerpt":{"rendered":"<p>Jorge Simoni se reuni\u00f3 con el vicegobernador Daniel Salvador, que lo recibi\u00f3 junto al senador&#8230;<\/p>\n","protected":false},"author":2,"featured_media":1052,"comment_status":"closed","ping_status":"closed","sticky":false,"template":"","format":"standard","meta":{"footnotes":""},"categories":[12,3],"tags":[],"_links":{"self":[{"href":"https:\/\/infoluro.com\/index.php?rest_route=\/wp\/v2\/posts\/1053"}],"collection":[{"href":"https:\/\/infoluro.com\/index.php?rest_route=\/wp\/v2\/posts"}],"about":[{"href":"https:\/\/infoluro.com\/index.php?rest_route=\/wp\/v2\/types\/post"}],"author":[{"embeddable":true,"href":"https:\/\/infoluro.com\/index.php?rest_route=\/wp\/v2\/users\/2"}],"replies":[{"embeddable":true,"href":"https:\/\/infoluro.com\/index.php?rest_route=%2Fwp%2Fv2%2Fcomments&post=1053"}],"version-history":[{"count":0,"href":"https:\/\/infoluro.com\/index.php?rest_route=\/wp\/v2\/posts\/1053\/revisions"}],"wp:featuredmedia":[{"embeddable":true,"href":"https:\/\/infoluro.com\/index.php?rest_route=\/wp\/v2\/media\/1052"}],"wp:attachment":[{"href":"https:\/\/infoluro.com\/index.php?rest_route=%2Fwp%2Fv2%2Fmedia&parent=1053"}],"wp:term":[{"taxonomy":"category","embeddable":true,"href":"https:\/\/infoluro.com\/index.php?rest_route=%2Fwp%2Fv2%2Fcategories&post=1053"},{"taxonomy":"post_tag","embeddable":true,"href":"https:\/\/infoluro.com\/index.php?rest_route=%2Fwp%2Fv2%2Ftags&post=1053"}],"curies":[{"name":"wp","href":"https:\/\/api.w.org\/{rel}","templated":true}]}}