{"id":1063,"date":"2016-06-15T09:53:31","date_gmt":"2016-06-15T12:53:31","guid":{"rendered":"http:\/\/infoluro.com\/?p=1063"},"modified":"2016-06-15T09:53:31","modified_gmt":"2016-06-15T12:53:31","slug":"tarifa-social-en-villarino","status":"publish","type":"post","link":"https:\/\/infoluro.com\/?p=1063","title":{"rendered":"Tarifa Social en Villarino"},"content":{"rendered":"<p>La Subsecretar\u00eda de Desarrollo Social Informa que quienes \u00a0deseen acceder al beneficio de la \u201cTarifa Social\u201d \u00a0para los servicios \u00a0de Luz y Gas deber\u00e1n anotarse a trav\u00e9s de\u00a0la p\u00e1gina del Ministerio de Energ\u00eda y Miner\u00eda <a href=\"http:\/\/www.minem.gob.ar\">www.minem.gob.ar<\/a>, llamando al \u00a00800 333 2182 o acerc\u00e1ndose a las oficinas de Desarrollo Social \u00a0de cada localidad para recibir asesoramiento.<\/p>\n<p><!--more--><\/p>\n<p>La nueva Tarifa Social apunta a cuidar a los sectores m\u00e1s vulnerables de todo el pa\u00eds otorg\u00e1ndoles el beneficio de acceder a los servicios con precios acordes a su situaci\u00f3n de vulnerabilidad.<\/p>\n<p>&nbsp;<\/p>\n<p><strong>Requisitos<\/strong><\/p>\n<p>Titulares de servicios que sean:<\/p>\n<p>Beneficiarios de Programas Sociales.<\/p>\n<p>Jubilados y\/o pensionados que perciban haberes mensuales brutos por un total menor o igual a dos veces la jubilaci\u00f3n m\u00ednima nacional: $9918 vigente desde marzo de 2016, seg\u00fan Resoluci\u00f3n 28\/2016 de la Administraci\u00f3n Nacional de la Seguridad Social.<\/p>\n<p>Trabajadores registrados con remuneraciones mensuales brutas por un total menor o igual a dos Salarios M\u00ednimos, Vitales y M\u00f3viles (SMVM): $12.120, seg\u00fan Resoluci\u00f3n A 4\/2015 del Consejo Nacional del Empleo, la Productividad y el Salario M\u00ednimo, Vital y M\u00f3vil, vigente a partir de enero 2016.<\/p>\n<p>Personas con discapacidad.<\/p>\n<p>Inscriptas en el Monotributo Social.<\/p>\n<p>Empleadas del servicio dom\u00e9stico.<\/p>\n<p>Personas que cobren Seguro de Desempleo.<\/p>\n<p>&nbsp;<\/p>\n","protected":false},"excerpt":{"rendered":"<p>La Subsecretar\u00eda de Desarrollo Social Informa que quienes \u00a0deseen acceder al beneficio de la \u201cTarifa&#8230;<\/p>\n","protected":false},"author":2,"featured_media":1064,"comment_status":"closed","ping_status":"closed","sticky":false,"template":"","format":"standard","meta":{"footnotes":""},"categories":[12,9],"tags":[],"_links":{"self":[{"href":"https:\/\/infoluro.com\/index.php?rest_route=\/wp\/v2\/posts\/1063"}],"collection":[{"href":"https:\/\/infoluro.com\/index.php?rest_route=\/wp\/v2\/posts"}],"about":[{"href":"https:\/\/infoluro.com\/index.php?rest_route=\/wp\/v2\/types\/post"}],"author":[{"embeddable":true,"href":"https:\/\/infoluro.com\/index.php?rest_route=\/wp\/v2\/users\/2"}],"replies":[{"embeddable":true,"href":"https:\/\/infoluro.com\/index.php?rest_route=%2Fwp%2Fv2%2Fcomments&post=1063"}],"version-history":[{"count":0,"href":"https:\/\/infoluro.com\/index.php?rest_route=\/wp\/v2\/posts\/1063\/revisions"}],"wp:featuredmedia":[{"embeddable":true,"href":"https:\/\/infoluro.com\/index.php?rest_route=\/wp\/v2\/media\/1064"}],"wp:attachment":[{"href":"https:\/\/infoluro.com\/index.php?rest_route=%2Fwp%2Fv2%2Fmedia&parent=1063"}],"wp:term":[{"taxonomy":"category","embeddable":true,"href":"https:\/\/infoluro.com\/index.php?rest_route=%2Fwp%2Fv2%2Fcategories&post=1063"},{"taxonomy":"post_tag","embeddable":true,"href":"https:\/\/infoluro.com\/index.php?rest_route=%2Fwp%2Fv2%2Ftags&post=1063"}],"curies":[{"name":"wp","href":"https:\/\/api.w.org\/{rel}","templated":true}]}}