{"id":1160,"date":"2016-07-01T12:02:12","date_gmt":"2016-07-01T15:02:12","guid":{"rendered":"http:\/\/infoluro.com\/?p=1160"},"modified":"2016-07-01T16:01:59","modified_gmt":"2016-07-01T19:01:59","slug":"bevilacqua-entrego-becas-a-estudiantes","status":"publish","type":"post","link":"https:\/\/infoluro.com\/?p=1160","title":{"rendered":"Bevilacqua entrego becas a estudiantes"},"content":{"rendered":"<p>El Intendente de Villarino participo este viernes en un acto de entrega de becas municipales a estudiantes de Pedro Luro, Hilario Ascasubi y Mayor Buratovich. \u201cS\u00e9 lo que significa para las familias, el esfuerzo para que sus hijos puedan seguir estudiando\u201d sostuvo Carlos Bevilacqua. Este evento se realiz\u00f3 en el Centro de Jubilados de nuestra localidad y cont\u00f3 con la presencia de algunos de los alumnos que recibieron el beneficio, familiares, funcionarios del Ejecutivo Municipal y Concejales. Los j\u00f3venes fueron evaluados por profesionales de la Subsecretar\u00eda de Desarrollo Social y del \u00c1rea de Servicio Social del Municipio. El jueves tambi\u00e9n se entregaron becas en la Zona Norte del distrito, correspondientes a Medanos, Juan Couste y Tte Origone. En total se entregaron 173 becas.<\/p>\n<!--[if lt IE 9]><script>document.createElement('audio');<\/script><![endif]-->\n<audio class=\"wp-audio-shortcode\" id=\"audio-1160-1\" preload=\"none\" style=\"width: 100%;\" controls=\"controls\"><source type=\"audio\/mpeg\" src=\"https:\/\/infoluro.com\/wp-content\/uploads\/2016\/07\/BEVIACTOBECAS01072016.mp3?_=1\" \/><a href=\"https:\/\/infoluro.com\/wp-content\/uploads\/2016\/07\/BEVIACTOBECAS01072016.mp3\">https:\/\/infoluro.com\/wp-content\/uploads\/2016\/07\/BEVIACTOBECAS01072016.mp3<\/a><\/audio>\n<audio class=\"wp-audio-shortcode\" id=\"audio-1160-2\" preload=\"none\" style=\"width: 100%;\" controls=\"controls\"><source type=\"audio\/mpeg\" src=\"https:\/\/infoluro.com\/wp-content\/uploads\/2016\/07\/BEBVIZFM010720106.mp3?_=2\" \/><a href=\"https:\/\/infoluro.com\/wp-content\/uploads\/2016\/07\/BEBVIZFM010720106.mp3\">https:\/\/infoluro.com\/wp-content\/uploads\/2016\/07\/BEBVIZFM010720106.mp3<\/a><\/audio>\n","protected":false},"excerpt":{"rendered":"<p>El Intendente de Villarino participo este viernes en un acto de entrega de becas municipales&#8230;<\/p>\n","protected":false},"author":2,"featured_media":1171,"comment_status":"closed","ping_status":"closed","sticky":false,"template":"","format":"standard","meta":{"footnotes":""},"categories":[12,14],"tags":[],"_links":{"self":[{"href":"https:\/\/infoluro.com\/index.php?rest_route=\/wp\/v2\/posts\/1160"}],"collection":[{"href":"https:\/\/infoluro.com\/index.php?rest_route=\/wp\/v2\/posts"}],"about":[{"href":"https:\/\/infoluro.com\/index.php?rest_route=\/wp\/v2\/types\/post"}],"author":[{"embeddable":true,"href":"https:\/\/infoluro.com\/index.php?rest_route=\/wp\/v2\/users\/2"}],"replies":[{"embeddable":true,"href":"https:\/\/infoluro.com\/index.php?rest_route=%2Fwp%2Fv2%2Fcomments&post=1160"}],"version-history":[{"count":0,"href":"https:\/\/infoluro.com\/index.php?rest_route=\/wp\/v2\/posts\/1160\/revisions"}],"wp:featuredmedia":[{"embeddable":true,"href":"https:\/\/infoluro.com\/index.php?rest_route=\/wp\/v2\/media\/1171"}],"wp:attachment":[{"href":"https:\/\/infoluro.com\/index.php?rest_route=%2Fwp%2Fv2%2Fmedia&parent=1160"}],"wp:term":[{"taxonomy":"category","embeddable":true,"href":"https:\/\/infoluro.com\/index.php?rest_route=%2Fwp%2Fv2%2Fcategories&post=1160"},{"taxonomy":"post_tag","embeddable":true,"href":"https:\/\/infoluro.com\/index.php?rest_route=%2Fwp%2Fv2%2Ftags&post=1160"}],"curies":[{"name":"wp","href":"https:\/\/api.w.org\/{rel}","templated":true}]}}