{"id":1250,"date":"2016-07-20T17:34:21","date_gmt":"2016-07-20T20:34:21","guid":{"rendered":"http:\/\/infoluro.com\/?p=1250"},"modified":"2016-07-20T17:34:21","modified_gmt":"2016-07-20T20:34:21","slug":"vacaciones-de-invierno-en-villarino","status":"publish","type":"post","link":"https:\/\/infoluro.com\/?p=1250","title":{"rendered":"Vacaciones de Invierno en Villarino"},"content":{"rendered":"<p>En el marco de las actividades por las vacaciones de invierno, que comenzaron este lunes 18 y que se extender\u00e1n hasta el viernes 1\u00b0 de agosto, se present\u00f3 el cine m\u00f3vil en el Centro de Educaci\u00f3n F\u00edsica de Hilario Ascasubi, en \u00a0la Escuela Primaria N\u00b0 11\u00a0de Pedro Luro y hubo Kermesse\u00a0en el Polideportivo del Club Juventud Agraria Deportiva de Juan Coust\u00e9. El lunes 25 habr\u00e1 una visita guiada a Fort\u00edn Mercedes con actividades deportivas y culturales. M\u00e1s detalles nos brind\u00f3 al Z fm Julio Garc\u00eda, Director de Cultura del distrito, \u00e1rea que organiza las actividades junto a la Subsecretar\u00eda de Desarrollo Social y las Direcciones de Turismo y Deporte del Municipio.<\/p>\n<!--[if lt IE 9]><script>document.createElement('audio');<\/script><![endif]-->\n<audio class=\"wp-audio-shortcode\" id=\"audio-1250-1\" preload=\"none\" style=\"width: 100%;\" controls=\"controls\"><source type=\"audio\/mpeg\" src=\"https:\/\/infoluro.com\/wp-content\/uploads\/2016\/07\/juliogarciavacaciones19072016.mp3?_=1\" \/><a href=\"https:\/\/infoluro.com\/wp-content\/uploads\/2016\/07\/juliogarciavacaciones19072016.mp3\">https:\/\/infoluro.com\/wp-content\/uploads\/2016\/07\/juliogarciavacaciones19072016.mp3<\/a><\/audio>\n<p><!--more--><\/p>\n<p>Estas actividades, se desarrollan dentro del proyecto \u201cColonia Itinerante de Vacaciones de Invierno en Villarino y est\u00e1 a cargo de la Subsecretar\u00eda de Desarrollo Social y las Direcciones de Turismo, Cultura y Deporte del Municipio.<\/p>\n<p>&nbsp;<\/p>\n<p><strong>Cronograma:<\/strong><\/p>\n<ul>\n<li>Mi\u00e9rcoles 20:\u00a0Cine M\u00f3vil\u00a0en la\u00a0\u00a0Escuela Informal de Formaci\u00f3n Art\u00edstica, 15:00 horas.<\/li>\n<li>Jueves 21:\u00a0Visita Guiada\u00a0por el Vivero Forestal Argerich con actividades\u00a0deportivas y culturales\u00a0en el lugar, de 10:30 a 17:00 horas.<\/li>\n<li>Viernes 22:\u00a0Kermesse\u00a0en el Centro Municipal de Deportes de\u00a0M\u00e9danos de 10.30 a 15.00 horas. y\u00a0Cine M\u00f3vil\u00a0en el\u00a0Hogar Convivencial de Hilario Ascasubi , 14:00 horas.<\/li>\n<li>Lunes 25: Visita Guiada\u00a0al Complejo Fort\u00edn Mercedes con actividades\u00a0deportivas y culturales\u00a0en el lugar, de 12:30 a 18:00 horas.<\/li>\n<li>Martes 26:\u00a0Kermesse\u00a0en el F\u00fatbol y Tenis Club de Mayor Buratovich,\u00a0de 10.30 a 15.00 horas.<\/li>\n<li>Mi\u00e9rcoles 27:\u00a0Kermesse\u00a0 en el Polideportivo del Club Social Ascasubi de 10.30 a 15.00 horas y\u00a0Cine M\u00f3vil\u00a0en la Escuela Informal de Formaci\u00f3n Art\u00edstica de M\u00e9danos, 15:00 horas.<\/li>\n<li>Viernes 29:\u00a0Kermesse\u00a0 en el Galp\u00f3n del Predio del Ferrocarril de Pedro Luro, de 10.30 a 15.00 horas y\u00a0Cine M\u00f3vil\u00a0en el Centro de Desarrollo Infantil \u00a0de Mayor Buratovich, 9:30 horas.<\/li>\n<\/ul>\n<p>Habr\u00e1 servicio de transporte para los ni\u00f1os de los Centros de Desarrollo Infantil.<\/p>\n<p>&nbsp;<\/p>\n","protected":false},"excerpt":{"rendered":"<p>En el marco de las actividades por las vacaciones de invierno, que comenzaron este lunes&#8230;<\/p>\n","protected":false},"author":2,"featured_media":1252,"comment_status":"closed","ping_status":"closed","sticky":false,"template":"","format":"standard","meta":{"footnotes":""},"categories":[12],"tags":[],"_links":{"self":[{"href":"https:\/\/infoluro.com\/index.php?rest_route=\/wp\/v2\/posts\/1250"}],"collection":[{"href":"https:\/\/infoluro.com\/index.php?rest_route=\/wp\/v2\/posts"}],"about":[{"href":"https:\/\/infoluro.com\/index.php?rest_route=\/wp\/v2\/types\/post"}],"author":[{"embeddable":true,"href":"https:\/\/infoluro.com\/index.php?rest_route=\/wp\/v2\/users\/2"}],"replies":[{"embeddable":true,"href":"https:\/\/infoluro.com\/index.php?rest_route=%2Fwp%2Fv2%2Fcomments&post=1250"}],"version-history":[{"count":0,"href":"https:\/\/infoluro.com\/index.php?rest_route=\/wp\/v2\/posts\/1250\/revisions"}],"wp:featuredmedia":[{"embeddable":true,"href":"https:\/\/infoluro.com\/index.php?rest_route=\/wp\/v2\/media\/1252"}],"wp:attachment":[{"href":"https:\/\/infoluro.com\/index.php?rest_route=%2Fwp%2Fv2%2Fmedia&parent=1250"}],"wp:term":[{"taxonomy":"category","embeddable":true,"href":"https:\/\/infoluro.com\/index.php?rest_route=%2Fwp%2Fv2%2Fcategories&post=1250"},{"taxonomy":"post_tag","embeddable":true,"href":"https:\/\/infoluro.com\/index.php?rest_route=%2Fwp%2Fv2%2Ftags&post=1250"}],"curies":[{"name":"wp","href":"https:\/\/api.w.org\/{rel}","templated":true}]}}