{"id":1255,"date":"2016-07-22T10:28:05","date_gmt":"2016-07-22T13:28:05","guid":{"rendered":"http:\/\/infoluro.com\/?p=1255"},"modified":"2016-07-22T10:28:05","modified_gmt":"2016-07-22T13:28:05","slug":"pablo-duarte-intimo-a-8-concejales","status":"publish","type":"post","link":"https:\/\/infoluro.com\/?p=1255","title":{"rendered":"Pablo Duarte intim\u00f3 a 8 Concejales"},"content":{"rendered":"<p>Pablo Duarte, quien hab\u00eda sido candidato a concejal por Acci\u00f3n por Villarino (APV) en 2013 y luego se pas\u00f3 a Cambiemos intim\u00f3 a los 7 Concejales del Oficialismo y al Presidente del Concejo Luciano Peretto tras haberle impedido asumir como edil en diciembre de 2015. Recordemos que anteriormente, Omar Stefanelli tuvo que dejar su puesto como Delegado de Pedro Luro y asumir su Banca, la cual reclamaba Duarte. Un nuevo cap\u00edtulo de la historia que ahora espera el fallo de la justicia.<\/p>\n<p><!--more--><\/p>\n<p>Tras ganar las elecciones, Carlos Bevilacqua\u00a0 otorg\u00f3 puestos en el ejecutivo a integrantes de la lista que iban como candidatos a concejales. Por este motivo asumieron en ese lugar quienes ven\u00edan por debajo en la lista.<\/p>\n<p>El problema fue cuando Omar Stefanelli asume como Delegado de Pedro Luro; quien le segu\u00eda en la lista era pablo Duarte, pero en su lugar asumi\u00f3 Mar\u00eda Laura Duran ya que APV presento una carta en la cual el involucrado afirmaba que renunciaba al partido y a ocupar su banca. Sin embargo Duarte reclamo por ese lugar pero tras una votaci\u00f3n en el Concejo Deliberante se determin\u00f3 que no asumiera. Fueron 7 votos contra 6. En su lugar asumi\u00f3. De esta forma Stefanelli dejo su puesto como delegado y asumi\u00f3 su banca.<\/p>\n<p>\u201cDesconocieron la parte legal, tendr\u00edan que haberme dejado asumir y ni siquiera tuvieron intenci\u00f3n de hablar conmigo. Las intimaciones son para que los que votaron en mi contra respondan a los gastos de honorarios de mi abogado durante el proceso legal y por estos 6 meses sin goce de sueldo\u201d. Sostuvo Duarte a un medio regional.<\/p>\n<p>En caso de que la justicia falle a favor de Duarte, podr\u00eda ser reemplazante de\u00a0 cualquier Concejal, manifestaros desde el espacio Cambiemos.<\/p>\n<p>(fuente: lanueva.com)<\/p>\n","protected":false},"excerpt":{"rendered":"<p>Pablo Duarte, quien hab\u00eda sido candidato a concejal por Acci\u00f3n por Villarino (APV) en 2013&#8230;<\/p>\n","protected":false},"author":2,"featured_media":1256,"comment_status":"closed","ping_status":"closed","sticky":false,"template":"","format":"standard","meta":{"footnotes":""},"categories":[12,9],"tags":[],"_links":{"self":[{"href":"https:\/\/infoluro.com\/index.php?rest_route=\/wp\/v2\/posts\/1255"}],"collection":[{"href":"https:\/\/infoluro.com\/index.php?rest_route=\/wp\/v2\/posts"}],"about":[{"href":"https:\/\/infoluro.com\/index.php?rest_route=\/wp\/v2\/types\/post"}],"author":[{"embeddable":true,"href":"https:\/\/infoluro.com\/index.php?rest_route=\/wp\/v2\/users\/2"}],"replies":[{"embeddable":true,"href":"https:\/\/infoluro.com\/index.php?rest_route=%2Fwp%2Fv2%2Fcomments&post=1255"}],"version-history":[{"count":0,"href":"https:\/\/infoluro.com\/index.php?rest_route=\/wp\/v2\/posts\/1255\/revisions"}],"wp:featuredmedia":[{"embeddable":true,"href":"https:\/\/infoluro.com\/index.php?rest_route=\/wp\/v2\/media\/1256"}],"wp:attachment":[{"href":"https:\/\/infoluro.com\/index.php?rest_route=%2Fwp%2Fv2%2Fmedia&parent=1255"}],"wp:term":[{"taxonomy":"category","embeddable":true,"href":"https:\/\/infoluro.com\/index.php?rest_route=%2Fwp%2Fv2%2Fcategories&post=1255"},{"taxonomy":"post_tag","embeddable":true,"href":"https:\/\/infoluro.com\/index.php?rest_route=%2Fwp%2Fv2%2Ftags&post=1255"}],"curies":[{"name":"wp","href":"https:\/\/api.w.org\/{rel}","templated":true}]}}