{"id":1277,"date":"2016-07-27T17:22:36","date_gmt":"2016-07-27T20:22:36","guid":{"rendered":"http:\/\/infoluro.com\/?p=1277"},"modified":"2016-07-27T17:22:36","modified_gmt":"2016-07-27T20:22:36","slug":"concejal-gestiono-fondos-del-ministerio-para-la-agenda-productiva","status":"publish","type":"post","link":"https:\/\/infoluro.com\/?p=1277","title":{"rendered":"Concejal gestiono fondos del Ministerio para la agenda productiva"},"content":{"rendered":"<p>En dialogo con el concejal de Cambiemos, Juan cruz Vidal, manifest\u00f3 el apoyo que recibir\u00e1 el distrito por parte del Ministerio de Producci\u00f3n, Ciencia y Tecnolog\u00eda, a trav\u00e9s del subsecretario de la Peque\u00f1a, Mediana y Microempresa, Sergio P\u00e9rez Rozzi, para la creaci\u00f3n de la Agenda Estrat\u00e9gica Productiva Local.<br \/>\n<!--more--><\/p>\n<p>Vidal agradeci\u00f3 a todos los bloques pol\u00edticos del HCD por el apoyo al proyecto presentado, una vez con el proyecto en marcha fue presentado en el Ministerio el cual dio el visto positivo para la creaci\u00f3n de la Agenda Estrat\u00e9gica Productiva Local, \u201cesto va a definir l\u00edneas de acci\u00f3n en materia productiva en el distrito que se transformen luego en proyectos productivos que \u00a0genere trabajo local\u201d manifest\u00f3 el concejal.<br \/>\n<!--[if lt IE 9]><script>document.createElement('audio');<\/script><![endif]-->\n<audio class=\"wp-audio-shortcode\" id=\"audio-1277-1\" preload=\"none\" style=\"width: 100%;\" controls=\"controls\"><source type=\"audio\/mpeg\" src=\"https:\/\/infoluro.com\/wp-content\/uploads\/2016\/07\/COLO-VIDAL-HCD.MINITERIOPROD.27072016.mp3?_=1\" \/><a href=\"https:\/\/infoluro.com\/wp-content\/uploads\/2016\/07\/COLO-VIDAL-HCD.MINITERIOPROD.27072016.mp3\">https:\/\/infoluro.com\/wp-content\/uploads\/2016\/07\/COLO-VIDAL-HCD.MINITERIOPROD.27072016.mp3<\/a><\/audio><\/p>\n","protected":false},"excerpt":{"rendered":"<p>En dialogo con el concejal de Cambiemos, Juan cruz Vidal, manifest\u00f3 el apoyo que recibir\u00e1&#8230;<\/p>\n","protected":false},"author":2,"featured_media":1279,"comment_status":"closed","ping_status":"closed","sticky":false,"template":"","format":"standard","meta":{"footnotes":""},"categories":[12,3],"tags":[],"_links":{"self":[{"href":"https:\/\/infoluro.com\/index.php?rest_route=\/wp\/v2\/posts\/1277"}],"collection":[{"href":"https:\/\/infoluro.com\/index.php?rest_route=\/wp\/v2\/posts"}],"about":[{"href":"https:\/\/infoluro.com\/index.php?rest_route=\/wp\/v2\/types\/post"}],"author":[{"embeddable":true,"href":"https:\/\/infoluro.com\/index.php?rest_route=\/wp\/v2\/users\/2"}],"replies":[{"embeddable":true,"href":"https:\/\/infoluro.com\/index.php?rest_route=%2Fwp%2Fv2%2Fcomments&post=1277"}],"version-history":[{"count":0,"href":"https:\/\/infoluro.com\/index.php?rest_route=\/wp\/v2\/posts\/1277\/revisions"}],"wp:featuredmedia":[{"embeddable":true,"href":"https:\/\/infoluro.com\/index.php?rest_route=\/wp\/v2\/media\/1279"}],"wp:attachment":[{"href":"https:\/\/infoluro.com\/index.php?rest_route=%2Fwp%2Fv2%2Fmedia&parent=1277"}],"wp:term":[{"taxonomy":"category","embeddable":true,"href":"https:\/\/infoluro.com\/index.php?rest_route=%2Fwp%2Fv2%2Fcategories&post=1277"},{"taxonomy":"post_tag","embeddable":true,"href":"https:\/\/infoluro.com\/index.php?rest_route=%2Fwp%2Fv2%2Ftags&post=1277"}],"curies":[{"name":"wp","href":"https:\/\/api.w.org\/{rel}","templated":true}]}}