{"id":1399,"date":"2016-08-10T11:21:03","date_gmt":"2016-08-10T14:21:03","guid":{"rendered":"http:\/\/infoluro.com\/?p=1399"},"modified":"2016-08-10T17:36:53","modified_gmt":"2016-08-10T20:36:53","slug":"la-celpl-no-cobrara-en-julio-el-aumento-por-costo-mayorista","status":"publish","type":"post","link":"https:\/\/infoluro.com\/?p=1399","title":{"rendered":"La CELPL no cobrara en Julio el aumento por Costo Mayorista"},"content":{"rendered":"<p>La facturaci\u00f3n del mes de julio se ve afectada por una nueva medida cautelar a nivel nacional que frena el aumento mayorista, por ende ese aumento que no se cobrara a la CELPL, tampoco ser\u00e1 cobrado al usuario. \u00a0\u201cLos que m\u00e1s se ver\u00e1n beneficiados son los comerciantes, ya que abonan un valor mayor que el usuario particular por el costo mayorista\u201d sostuvo Francisco P\u00e9rez, Gerente de la Cooperativa Electrica a la Zfm adem\u00e1s aclaro que \u00a0la naci\u00f3n apelo esta medida, habr\u00e1 una asamblea con el Ente Nacional Regulador de la Energ\u00eda \u00a0(ENRE) \u00a0a fin de mes y si se aprueba el costo el usuario tendr\u00e1 que pagar\u00a0 el aumento. Las facturas comenzaran a entregarse hoy y el retraso se debe a que hubo que realizar una nueva refacturacion; por tal motivo el vencimiento se ha pospuesto al 19 de agosto.<\/p>\n<!--[if lt IE 9]><script>document.createElement('audio');<\/script><![endif]-->\n<audio class=\"wp-audio-shortcode\" id=\"audio-1399-1\" preload=\"none\" style=\"width: 100%;\" controls=\"controls\"><source type=\"audio\/mpeg\" src=\"https:\/\/infoluro.com\/wp-content\/uploads\/2016\/08\/PACO-PEREZ-LUZCAUTELAR10082016.mp3?_=1\" \/><a href=\"https:\/\/infoluro.com\/wp-content\/uploads\/2016\/08\/PACO-PEREZ-LUZCAUTELAR10082016.mp3\">https:\/\/infoluro.com\/wp-content\/uploads\/2016\/08\/PACO-PEREZ-LUZCAUTELAR10082016.mp3<\/a><\/audio>\n","protected":false},"excerpt":{"rendered":"<p>La facturaci\u00f3n del mes de julio se ve afectada por una nueva medida cautelar a&#8230;<\/p>\n","protected":false},"author":2,"featured_media":1027,"comment_status":"closed","ping_status":"closed","sticky":false,"template":"","format":"standard","meta":{"footnotes":""},"categories":[12,14],"tags":[],"_links":{"self":[{"href":"https:\/\/infoluro.com\/index.php?rest_route=\/wp\/v2\/posts\/1399"}],"collection":[{"href":"https:\/\/infoluro.com\/index.php?rest_route=\/wp\/v2\/posts"}],"about":[{"href":"https:\/\/infoluro.com\/index.php?rest_route=\/wp\/v2\/types\/post"}],"author":[{"embeddable":true,"href":"https:\/\/infoluro.com\/index.php?rest_route=\/wp\/v2\/users\/2"}],"replies":[{"embeddable":true,"href":"https:\/\/infoluro.com\/index.php?rest_route=%2Fwp%2Fv2%2Fcomments&post=1399"}],"version-history":[{"count":0,"href":"https:\/\/infoluro.com\/index.php?rest_route=\/wp\/v2\/posts\/1399\/revisions"}],"wp:featuredmedia":[{"embeddable":true,"href":"https:\/\/infoluro.com\/index.php?rest_route=\/wp\/v2\/media\/1027"}],"wp:attachment":[{"href":"https:\/\/infoluro.com\/index.php?rest_route=%2Fwp%2Fv2%2Fmedia&parent=1399"}],"wp:term":[{"taxonomy":"category","embeddable":true,"href":"https:\/\/infoluro.com\/index.php?rest_route=%2Fwp%2Fv2%2Fcategories&post=1399"},{"taxonomy":"post_tag","embeddable":true,"href":"https:\/\/infoluro.com\/index.php?rest_route=%2Fwp%2Fv2%2Ftags&post=1399"}],"curies":[{"name":"wp","href":"https:\/\/api.w.org\/{rel}","templated":true}]}}