{"id":1535,"date":"2016-09-01T11:23:45","date_gmt":"2016-09-01T14:23:45","guid":{"rendered":"http:\/\/infoluro.com\/?p=1535"},"modified":"2016-09-01T11:23:45","modified_gmt":"2016-09-01T14:23:45","slug":"ascasubi-celebra-sus-104-anos","status":"publish","type":"post","link":"https:\/\/infoluro.com\/?p=1535","title":{"rendered":"Ascasubi celebra sus 104 a\u00f1os"},"content":{"rendered":"<p>Con la presencia del intendente Carlos Bevilacqua, el Delegado de la vecina localidad Mario Schwerd, funcionarios, Concejales y p\u00fablico en general, se realiz\u00f3 el acto oficial en la Plaza Central. El m\u00f3vil de la Zfm estuvo presente y previo al inicio del acto recogi\u00f3 los testimonios del Intendente de Villarino, quien brindo su saludo a la poblaci\u00f3n; el Delegado y adem\u00e1s la palabra de los ex intendentes Ra\u00fal Mujica y Patricia Cobello, habitantes de la ciudad que festeja los 104 a\u00f1os de vida.<\/p>\n<!--[if lt IE 9]><script>document.createElement('audio');<\/script><![endif]-->\n<audio class=\"wp-audio-shortcode\" id=\"audio-1535-1\" preload=\"none\" style=\"width: 100%;\" controls=\"controls\"><source type=\"audio\/mpeg\" src=\"https:\/\/infoluro.com\/wp-content\/uploads\/2016\/09\/BEVIDELEGADOMUJICACOBELLOASCA01092016.mp3?_=1\" \/><a href=\"https:\/\/infoluro.com\/wp-content\/uploads\/2016\/09\/BEVIDELEGADOMUJICACOBELLOASCA01092016.mp3\">https:\/\/infoluro.com\/wp-content\/uploads\/2016\/09\/BEVIDELEGADOMUJICACOBELLOASCA01092016.mp3<\/a><\/audio>\n<p><!--more--><\/p>\n<p>El Intendente Carlos Bevilacqua brindo su saludo a la poblaci\u00f3n de Hilario Ascasubi, reconoci\u00f3 que la situaci\u00f3n de la econom\u00eda no es la mejor pero \u201ca pesar de las dificultades tenemos que seguir esforz\u00e1ndonos y trabajar todos juntos\u201d.<\/p>\n<p>En el mismo tono se expres\u00f3 el Delegado Mario Schwerdt: \u201cle pondremos las ganas y el tiempo necesario para mejorar al pueblo\u201d.<\/p>\n<p>Adem\u00e1s en el acto el m\u00f3vil de la Z tomo contacto con dos ex intendentes, por un lado Ra\u00fal Mujica quien no conto mucho sobre su futuro pol\u00edtico; por otro lado, Patricia Cobello quien manifest\u00f3 que sigue trabajando con vistas al 2017 y recalco que su relaci\u00f3n con el gobierno actual no es buena por muchas cosas que se dijeron.<\/p>\n<p>&nbsp;<\/p>\n<p>&nbsp;<\/p>\n<p>Cronograma de Festejos<\/p>\n<p><strong>Actividades por el 104\u00b0 Aniversario de Hilario Ascasubi<\/strong><\/p>\n<p>&nbsp;<\/p>\n<p>Organizado por la Comisi\u00f3n de Festejos de la localidad y con el acompa\u00f1amiento del Municipio, se desarrollar\u00e1n actividades por el 104\u00b0 Aniversario de Hilario Ascasubi.<\/p>\n<p>&nbsp;<\/p>\n<p>Cronograma<\/p>\n<p>&nbsp;<\/p>\n<p>Jueves 01\/09<br \/>\n10:00 horas.<br \/>\nActo oficial en plaza Basilio Villarino.<br \/>\nIzamiento del pabell\u00f3n nacional, Feliz Cumplea\u00f1os y torta.<\/p>\n<p>&nbsp;<\/p>\n<p>S\u00e1bado 03\/09<br \/>\n09:00 horas.<br \/>\nComisi\u00f3n de Tejo: Gran Campeonato de Tejo en el predio del ferrocarril.<\/p>\n<p>&nbsp;<\/p>\n<p>Domingo 04\/09<br \/>\n09:00 horas.<br \/>\nCabalgata: Inicia en el campo de la Escuela Agraria. Se almuerza en el Club\u00a0Social y Cultural San Adolfo y regresan al predio del ferrocarril.<br \/>\nExhibici\u00f3n de Bomberos Voluntarios.<\/p>\n<p>&nbsp;<\/p>\n<p>S\u00e1bado 10\/09<br \/>\n13:00 horas.<br \/>\nCaminata saludable: organizada CEF N\u00b0 185 y el Jard\u00edn N\u00ba 905.<br \/>\nBarrileteda a cargo de la Escuela N\u00ba 09.<br \/>\nStand, artesanos, patio de comidas, shows y bandas musicales.<br \/>\n20:00 horas.<br \/>\nCierre de los shows y espect\u00e1culos.<br \/>\n22:00 horas.<br \/>\nGran Baile Familiar, con elecci\u00f3n de la reina, con Rogelio Ritmo.<\/p>\n<p>&nbsp;<\/p>\n<p>Domingo 11\/09<br \/>\n09:00 horas.<br \/>\nInicio Acto central con desfile c\u00edvico.<br \/>\nPatios de comidas.<br \/>\nDemostraci\u00f3n de\u00a0 katangos.<br \/>\nStand \u2013 Artesanos.<br \/>\nShows.<br \/>\nBandas locales.<br \/>\nCierre: Simplemente Emilio.<\/p>\n<p>&nbsp;<\/p>\n","protected":false},"excerpt":{"rendered":"<p>Con la presencia del intendente Carlos Bevilacqua, el Delegado de la vecina localidad Mario Schwerd,&#8230;<\/p>\n","protected":false},"author":2,"featured_media":1537,"comment_status":"closed","ping_status":"closed","sticky":false,"template":"","format":"standard","meta":{"footnotes":""},"categories":[12],"tags":[],"_links":{"self":[{"href":"https:\/\/infoluro.com\/index.php?rest_route=\/wp\/v2\/posts\/1535"}],"collection":[{"href":"https:\/\/infoluro.com\/index.php?rest_route=\/wp\/v2\/posts"}],"about":[{"href":"https:\/\/infoluro.com\/index.php?rest_route=\/wp\/v2\/types\/post"}],"author":[{"embeddable":true,"href":"https:\/\/infoluro.com\/index.php?rest_route=\/wp\/v2\/users\/2"}],"replies":[{"embeddable":true,"href":"https:\/\/infoluro.com\/index.php?rest_route=%2Fwp%2Fv2%2Fcomments&post=1535"}],"version-history":[{"count":0,"href":"https:\/\/infoluro.com\/index.php?rest_route=\/wp\/v2\/posts\/1535\/revisions"}],"wp:featuredmedia":[{"embeddable":true,"href":"https:\/\/infoluro.com\/index.php?rest_route=\/wp\/v2\/media\/1537"}],"wp:attachment":[{"href":"https:\/\/infoluro.com\/index.php?rest_route=%2Fwp%2Fv2%2Fmedia&parent=1535"}],"wp:term":[{"taxonomy":"category","embeddable":true,"href":"https:\/\/infoluro.com\/index.php?rest_route=%2Fwp%2Fv2%2Fcategories&post=1535"},{"taxonomy":"post_tag","embeddable":true,"href":"https:\/\/infoluro.com\/index.php?rest_route=%2Fwp%2Fv2%2Ftags&post=1535"}],"curies":[{"name":"wp","href":"https:\/\/api.w.org\/{rel}","templated":true}]}}