{"id":1542,"date":"2016-09-02T11:58:28","date_gmt":"2016-09-02T14:58:28","guid":{"rendered":"http:\/\/infoluro.com\/?p=1542"},"modified":"2016-09-02T11:58:28","modified_gmt":"2016-09-02T14:58:28","slug":"jornada-por-la-regularizacion-del-trabajo-en-la-cebolla","status":"publish","type":"post","link":"https:\/\/infoluro.com\/?p=1542","title":{"rendered":"Jornada por la regularizaci\u00f3n del trabajo en la cebolla"},"content":{"rendered":"<p>El encuentro se realiz\u00f3 este viernes en el Centro de Capacitaci\u00f3n de Corfo y cont\u00f3 con la presencia de referentes del Ministerio de Trabajo, asociaciones de productores, Funcionarios Municipales y Senadores Provinciales. La idea es elaborar un convenio que marque los requisitos para la temporada de trabajo en la cebolla, buscando un acuerdo con los trabajadores y empleadores y para tratar de evitar posibles conflictos como lo sucedido hace un tiempo atr\u00e1s, que origino protestas y cortes de ruta. Al respecto se expresaron Eduardo Ju\u00e1rez, Coordinador Gremial de Aprovis; Le\u00f3n Somenson, Administrador General de Corfo; y Horacio Bri\u00f3n, Jefe de Gabinete del municipio. Es la segunda reuni\u00f3n para tratar esta tem\u00e1tica, la anterior se realiz\u00f3 en Bah\u00eda Blanca.<\/p>\n<!--[if lt IE 9]><script>document.createElement('audio');<\/script><![endif]-->\n<audio class=\"wp-audio-shortcode\" id=\"audio-1542-1\" preload=\"none\" style=\"width: 100%;\" controls=\"controls\"><source type=\"audio\/mpeg\" src=\"https:\/\/infoluro.com\/wp-content\/uploads\/2016\/09\/TRABAJODELACEBOLLA02092016.mp3?_=1\" \/><a href=\"https:\/\/infoluro.com\/wp-content\/uploads\/2016\/09\/TRABAJODELACEBOLLA02092016.mp3\">https:\/\/infoluro.com\/wp-content\/uploads\/2016\/09\/TRABAJODELACEBOLLA02092016.mp3<\/a><\/audio>\n","protected":false},"excerpt":{"rendered":"<p>El encuentro se realiz\u00f3 este viernes en el Centro de Capacitaci\u00f3n de Corfo y cont\u00f3&#8230;<\/p>\n","protected":false},"author":2,"featured_media":1544,"comment_status":"closed","ping_status":"closed","sticky":false,"template":"","format":"standard","meta":{"footnotes":""},"categories":[12,9],"tags":[],"_links":{"self":[{"href":"https:\/\/infoluro.com\/index.php?rest_route=\/wp\/v2\/posts\/1542"}],"collection":[{"href":"https:\/\/infoluro.com\/index.php?rest_route=\/wp\/v2\/posts"}],"about":[{"href":"https:\/\/infoluro.com\/index.php?rest_route=\/wp\/v2\/types\/post"}],"author":[{"embeddable":true,"href":"https:\/\/infoluro.com\/index.php?rest_route=\/wp\/v2\/users\/2"}],"replies":[{"embeddable":true,"href":"https:\/\/infoluro.com\/index.php?rest_route=%2Fwp%2Fv2%2Fcomments&post=1542"}],"version-history":[{"count":0,"href":"https:\/\/infoluro.com\/index.php?rest_route=\/wp\/v2\/posts\/1542\/revisions"}],"wp:featuredmedia":[{"embeddable":true,"href":"https:\/\/infoluro.com\/index.php?rest_route=\/wp\/v2\/media\/1544"}],"wp:attachment":[{"href":"https:\/\/infoluro.com\/index.php?rest_route=%2Fwp%2Fv2%2Fmedia&parent=1542"}],"wp:term":[{"taxonomy":"category","embeddable":true,"href":"https:\/\/infoluro.com\/index.php?rest_route=%2Fwp%2Fv2%2Fcategories&post=1542"},{"taxonomy":"post_tag","embeddable":true,"href":"https:\/\/infoluro.com\/index.php?rest_route=%2Fwp%2Fv2%2Ftags&post=1542"}],"curies":[{"name":"wp","href":"https:\/\/api.w.org\/{rel}","templated":true}]}}