{"id":1555,"date":"2016-09-06T11:37:18","date_gmt":"2016-09-06T14:37:18","guid":{"rendered":"http:\/\/infoluro.com\/?p=1555"},"modified":"2016-09-06T11:37:18","modified_gmt":"2016-09-06T14:37:18","slug":"asamblea-por-el-tapon-de-alonso","status":"publish","type":"post","link":"https:\/\/infoluro.com\/?p=1555","title":{"rendered":"Asamblea por el \u201cTap\u00f3n de Alonso\u201d"},"content":{"rendered":"<p>La convocatoria fue realizada por el Consorcio Hidr\u00e1ulico\u00a0 del Valle Bonaerense del R\u00edo Colorado con el fin de informar a la ciudadan\u00eda el estado del conflicto que se mantiene con la Provincia de La Pampa que no ha cerrado el Tap\u00f3n que evita que ingrese agua salada del Rio Curac\u00f3 al Colorado, lo que provocar\u00eda graves riesgos para salud y la producci\u00f3n, puesto que el agua seria inutilizable tanto para el consumo como para el riego. El encuentro se realizara en Amuvac este mi\u00e9rcoles a las 19:30hs. Al respecto esto dec\u00eda a la Zfm Sergio Urrutia, Presidente del Consorcio Hidr\u00e1ulico.<\/p>\n<!--[if lt IE 9]><script>document.createElement('audio');<\/script><![endif]-->\n<audio class=\"wp-audio-shortcode\" id=\"audio-1555-1\" preload=\"none\" style=\"width: 100%;\" controls=\"controls\"><source type=\"audio\/mpeg\" src=\"https:\/\/infoluro.com\/wp-content\/uploads\/2016\/09\/SERGIO-URRUTIA-06092016.mp3?_=1\" \/><a href=\"https:\/\/infoluro.com\/wp-content\/uploads\/2016\/09\/SERGIO-URRUTIA-06092016.mp3\">https:\/\/infoluro.com\/wp-content\/uploads\/2016\/09\/SERGIO-URRUTIA-06092016.mp3<\/a><\/audio>\n<p><!--more--><\/p>\n<p>Desde el Consorcio Hidr\u00e1ulico se busca mantener un estado de alerta debido a la complejidad de la situaci\u00f3n. El agua salada est\u00e1 a dos semanas de llegar a la \u00a0zona del tap\u00f3n. La semana pasada se judicializo el dilema entra las provincias de Buenos Aires y La Pampa y se aguarda la respuesta de la Corte Suprema de Justicia.<\/p>\n<p>\u201cNecesitamos que la gente est\u00e9 presente y aunar fuerzas en este conflicto\u201d sostuvo Sergio Urrutia, Presidente del Consorcio Hidr\u00e1ulico<\/p>\n<p>&nbsp;<\/p>\n","protected":false},"excerpt":{"rendered":"<p>La convocatoria fue realizada por el Consorcio Hidr\u00e1ulico\u00a0 del Valle Bonaerense del R\u00edo Colorado con&#8230;<\/p>\n","protected":false},"author":2,"featured_media":1375,"comment_status":"closed","ping_status":"closed","sticky":false,"template":"","format":"standard","meta":{"footnotes":""},"categories":[12,9],"tags":[],"_links":{"self":[{"href":"https:\/\/infoluro.com\/index.php?rest_route=\/wp\/v2\/posts\/1555"}],"collection":[{"href":"https:\/\/infoluro.com\/index.php?rest_route=\/wp\/v2\/posts"}],"about":[{"href":"https:\/\/infoluro.com\/index.php?rest_route=\/wp\/v2\/types\/post"}],"author":[{"embeddable":true,"href":"https:\/\/infoluro.com\/index.php?rest_route=\/wp\/v2\/users\/2"}],"replies":[{"embeddable":true,"href":"https:\/\/infoluro.com\/index.php?rest_route=%2Fwp%2Fv2%2Fcomments&post=1555"}],"version-history":[{"count":0,"href":"https:\/\/infoluro.com\/index.php?rest_route=\/wp\/v2\/posts\/1555\/revisions"}],"wp:featuredmedia":[{"embeddable":true,"href":"https:\/\/infoluro.com\/index.php?rest_route=\/wp\/v2\/media\/1375"}],"wp:attachment":[{"href":"https:\/\/infoluro.com\/index.php?rest_route=%2Fwp%2Fv2%2Fmedia&parent=1555"}],"wp:term":[{"taxonomy":"category","embeddable":true,"href":"https:\/\/infoluro.com\/index.php?rest_route=%2Fwp%2Fv2%2Fcategories&post=1555"},{"taxonomy":"post_tag","embeddable":true,"href":"https:\/\/infoluro.com\/index.php?rest_route=%2Fwp%2Fv2%2Ftags&post=1555"}],"curies":[{"name":"wp","href":"https:\/\/api.w.org\/{rel}","templated":true}]}}