{"id":1627,"date":"2016-09-15T11:48:20","date_gmt":"2016-09-15T14:48:20","guid":{"rendered":"http:\/\/infoluro.com\/?p=1627"},"modified":"2016-09-15T17:31:02","modified_gmt":"2016-09-15T20:31:02","slug":"menor-llevo-un-arma-a-la-escuela","status":"publish","type":"post","link":"https:\/\/infoluro.com\/?p=1627","title":{"rendered":"Menor llev\u00f3 un arma a la escuela"},"content":{"rendered":"<p>El hecho ocurri\u00f3 en la escuela primaria Padre Pedro Bonaccina de Fort\u00edn Mercedes ayer mi\u00e9rcoles 14, cuando un chico llev\u00f3 sin darse cuenta un arma dentro del estuche de su computadora port\u00e1til. El arma \u00a0hab\u00eda sido puesta all\u00ed por uno de sus progenitores, cuando el chico se dispone a guardar la computadora se da cuenta que dentro del estuche hab\u00eda un revolver el cual se encontraba descargado. El nene sorprendido por el hallazgo r\u00e1pidamente da aviso a la docente a cargo y se pone en marcha un manual de procedimiento que se aplica en estas situaciones brindando contenci\u00f3n al menor que estaba muy asustado. Al respecto esto dec\u00eda Marcelo Schwerdt, representante legal de la Obra Salesiana. (imagen ilustrativa).<\/p>\n<!--[if lt IE 9]><script>document.createElement('audio');<\/script><![endif]-->\n<audio class=\"wp-audio-shortcode\" id=\"audio-1627-1\" preload=\"none\" style=\"width: 100%;\" controls=\"controls\"><source type=\"audio\/mpeg\" src=\"https:\/\/infoluro.com\/wp-content\/uploads\/2016\/09\/MARCERLO-SWERTZ-NENE-ARMA-15092016.mp3?_=1\" \/><a href=\"https:\/\/infoluro.com\/wp-content\/uploads\/2016\/09\/MARCERLO-SWERTZ-NENE-ARMA-15092016.mp3\">https:\/\/infoluro.com\/wp-content\/uploads\/2016\/09\/MARCERLO-SWERTZ-NENE-ARMA-15092016.mp3<\/a><\/audio>\n","protected":false},"excerpt":{"rendered":"<p>El hecho ocurri\u00f3 en la escuela primaria Padre Pedro Bonaccina de Fort\u00edn Mercedes ayer mi\u00e9rcoles&#8230;<\/p>\n","protected":false},"author":2,"featured_media":1634,"comment_status":"closed","ping_status":"closed","sticky":false,"template":"","format":"standard","meta":{"footnotes":""},"categories":[12,14],"tags":[],"_links":{"self":[{"href":"https:\/\/infoluro.com\/index.php?rest_route=\/wp\/v2\/posts\/1627"}],"collection":[{"href":"https:\/\/infoluro.com\/index.php?rest_route=\/wp\/v2\/posts"}],"about":[{"href":"https:\/\/infoluro.com\/index.php?rest_route=\/wp\/v2\/types\/post"}],"author":[{"embeddable":true,"href":"https:\/\/infoluro.com\/index.php?rest_route=\/wp\/v2\/users\/2"}],"replies":[{"embeddable":true,"href":"https:\/\/infoluro.com\/index.php?rest_route=%2Fwp%2Fv2%2Fcomments&post=1627"}],"version-history":[{"count":0,"href":"https:\/\/infoluro.com\/index.php?rest_route=\/wp\/v2\/posts\/1627\/revisions"}],"wp:featuredmedia":[{"embeddable":true,"href":"https:\/\/infoluro.com\/index.php?rest_route=\/wp\/v2\/media\/1634"}],"wp:attachment":[{"href":"https:\/\/infoluro.com\/index.php?rest_route=%2Fwp%2Fv2%2Fmedia&parent=1627"}],"wp:term":[{"taxonomy":"category","embeddable":true,"href":"https:\/\/infoluro.com\/index.php?rest_route=%2Fwp%2Fv2%2Fcategories&post=1627"},{"taxonomy":"post_tag","embeddable":true,"href":"https:\/\/infoluro.com\/index.php?rest_route=%2Fwp%2Fv2%2Ftags&post=1627"}],"curies":[{"name":"wp","href":"https:\/\/api.w.org\/{rel}","templated":true}]}}