{"id":1645,"date":"2016-09-19T08:49:24","date_gmt":"2016-09-19T11:49:24","guid":{"rendered":"http:\/\/infoluro.com\/?p=1645"},"modified":"2016-09-19T08:49:41","modified_gmt":"2016-09-19T11:49:41","slug":"vuelco-en-la-ruta-3","status":"publish","type":"post","link":"https:\/\/infoluro.com\/?p=1645","title":{"rendered":"Vuelco en la Ruta 3"},"content":{"rendered":"<p style=\"background: white; vertical-align: baseline; margin: 0cm 0cm 11.25pt 0cm;\"><span style=\"font-size: 11.5pt; color: #444444;\">Este domingo un Chevrolet Corsa color azul perdi\u00f3 el control y volc\u00f3 en la bajada lindera al acceso a Cabeza de Buey. Viajaba solo el conductor que result\u00f3 ileso, el veh\u00edculo sufri\u00f3 da\u00f1os importantes.<\/span><\/p>\n","protected":false},"excerpt":{"rendered":"<p>Este domingo un Chevrolet Corsa color azul perdi\u00f3 el control y volc\u00f3 en la bajada&#8230;<\/p>\n","protected":false},"author":2,"featured_media":1646,"comment_status":"closed","ping_status":"closed","sticky":false,"template":"","format":"standard","meta":{"footnotes":""},"categories":[12],"tags":[],"_links":{"self":[{"href":"https:\/\/infoluro.com\/index.php?rest_route=\/wp\/v2\/posts\/1645"}],"collection":[{"href":"https:\/\/infoluro.com\/index.php?rest_route=\/wp\/v2\/posts"}],"about":[{"href":"https:\/\/infoluro.com\/index.php?rest_route=\/wp\/v2\/types\/post"}],"author":[{"embeddable":true,"href":"https:\/\/infoluro.com\/index.php?rest_route=\/wp\/v2\/users\/2"}],"replies":[{"embeddable":true,"href":"https:\/\/infoluro.com\/index.php?rest_route=%2Fwp%2Fv2%2Fcomments&post=1645"}],"version-history":[{"count":0,"href":"https:\/\/infoluro.com\/index.php?rest_route=\/wp\/v2\/posts\/1645\/revisions"}],"wp:featuredmedia":[{"embeddable":true,"href":"https:\/\/infoluro.com\/index.php?rest_route=\/wp\/v2\/media\/1646"}],"wp:attachment":[{"href":"https:\/\/infoluro.com\/index.php?rest_route=%2Fwp%2Fv2%2Fmedia&parent=1645"}],"wp:term":[{"taxonomy":"category","embeddable":true,"href":"https:\/\/infoluro.com\/index.php?rest_route=%2Fwp%2Fv2%2Fcategories&post=1645"},{"taxonomy":"post_tag","embeddable":true,"href":"https:\/\/infoluro.com\/index.php?rest_route=%2Fwp%2Fv2%2Ftags&post=1645"}],"curies":[{"name":"wp","href":"https:\/\/api.w.org\/{rel}","templated":true}]}}