{"id":1680,"date":"2016-09-21T16:07:56","date_gmt":"2016-09-21T19:07:56","guid":{"rendered":"http:\/\/infoluro.com\/?p=1680"},"modified":"2016-09-21T16:07:56","modified_gmt":"2016-09-21T19:07:56","slug":"para-muchos-de-los-que-estamos-en-politica-la-palabra-tiene-valor","status":"publish","type":"post","link":"https:\/\/infoluro.com\/?p=1680","title":{"rendered":"\u201cPara muchos de los que estamos en pol\u00edtica, la palabra tiene valor\u201d"},"content":{"rendered":"<p>Mar\u00eda Eugenia Vidal pas\u00f3 por Pedro Luro, recorriendop or los distritos de la Provincia de Buenos Aires. La Gobernadora arribo a la Escuela N\u00ba59 pasada las\u00a0 15 y fue recibida por el Intendente Carlos Bevilacqua, Funcionarios Municipales y Concejales del Distrito. Una de las consultas fue en relaci\u00f3n a la inclusi\u00f3n de Villarino a la Zona Patag\u00f3nica Bonaerense, de lo cual solo manifest\u00f3 que \u201ces una tarea que definir\u00e1 la legislatura\u201d. Otro de los temas de actualidad es el conflicto con La Pampa por el Tap\u00f3n de Alonso: \u201cdefenderemos los intereses de la provincia por todos los medios posibles\u201d afirm\u00f3.<\/p>\n<!--[if lt IE 9]><script>document.createElement('audio');<\/script><![endif]-->\n<audio class=\"wp-audio-shortcode\" id=\"audio-1680-1\" preload=\"none\" style=\"width: 100%;\" controls=\"controls\"><source type=\"audio\/mpeg\" src=\"https:\/\/infoluro.com\/wp-content\/uploads\/2016\/09\/vidal.mp3?_=1\" \/><a href=\"https:\/\/infoluro.com\/wp-content\/uploads\/2016\/09\/vidal.mp3\">https:\/\/infoluro.com\/wp-content\/uploads\/2016\/09\/vidal.mp3<\/a><\/audio>\n<p>Vidal cumpli\u00f3 con su promesa de volver al distrito si era elegida gobernadora. En su encuentro con el Intendente Bevilacqua, este le plante\u00f3 la necesidad de patrulleros, y solucionar los inconvenientes con el agua en M\u00e9danos.<\/p>\n<p>Vidal continuara con su recorrido rumbo a Carmen de Patagones donde se reunir\u00e1 con el Intendente Sara.<\/p>\n<p>Adem\u00e1s brindaron sus impresiones\u00a0 a la Zfm Jorge Simoni (ex candidato a Intendente por Cambiemos), Luciano Peretto (Presidente del Concejo Deliberante) y Orestes Villalba (Concejal de Cambiemos).<\/p>\n<audio class=\"wp-audio-shortcode\" id=\"audio-1680-2\" preload=\"none\" style=\"width: 100%;\" controls=\"controls\"><source type=\"audio\/mpeg\" src=\"https:\/\/infoluro.com\/wp-content\/uploads\/2016\/09\/SIMONI-PERETTO-VILLALBA21092016.mp3?_=2\" \/><a href=\"https:\/\/infoluro.com\/wp-content\/uploads\/2016\/09\/SIMONI-PERETTO-VILLALBA21092016.mp3\">https:\/\/infoluro.com\/wp-content\/uploads\/2016\/09\/SIMONI-PERETTO-VILLALBA21092016.mp3<\/a><\/audio>\n","protected":false},"excerpt":{"rendered":"<p>Mar\u00eda Eugenia Vidal pas\u00f3 por Pedro Luro, recorriendop or los distritos de la Provincia de&#8230;<\/p>\n","protected":false},"author":2,"featured_media":1683,"comment_status":"closed","ping_status":"closed","sticky":false,"template":"","format":"standard","meta":{"footnotes":""},"categories":[12],"tags":[],"_links":{"self":[{"href":"https:\/\/infoluro.com\/index.php?rest_route=\/wp\/v2\/posts\/1680"}],"collection":[{"href":"https:\/\/infoluro.com\/index.php?rest_route=\/wp\/v2\/posts"}],"about":[{"href":"https:\/\/infoluro.com\/index.php?rest_route=\/wp\/v2\/types\/post"}],"author":[{"embeddable":true,"href":"https:\/\/infoluro.com\/index.php?rest_route=\/wp\/v2\/users\/2"}],"replies":[{"embeddable":true,"href":"https:\/\/infoluro.com\/index.php?rest_route=%2Fwp%2Fv2%2Fcomments&post=1680"}],"version-history":[{"count":0,"href":"https:\/\/infoluro.com\/index.php?rest_route=\/wp\/v2\/posts\/1680\/revisions"}],"wp:featuredmedia":[{"embeddable":true,"href":"https:\/\/infoluro.com\/index.php?rest_route=\/wp\/v2\/media\/1683"}],"wp:attachment":[{"href":"https:\/\/infoluro.com\/index.php?rest_route=%2Fwp%2Fv2%2Fmedia&parent=1680"}],"wp:term":[{"taxonomy":"category","embeddable":true,"href":"https:\/\/infoluro.com\/index.php?rest_route=%2Fwp%2Fv2%2Fcategories&post=1680"},{"taxonomy":"post_tag","embeddable":true,"href":"https:\/\/infoluro.com\/index.php?rest_route=%2Fwp%2Fv2%2Ftags&post=1680"}],"curies":[{"name":"wp","href":"https:\/\/api.w.org\/{rel}","templated":true}]}}