{"id":1690,"date":"2016-09-22T08:52:15","date_gmt":"2016-09-22T11:52:15","guid":{"rendered":"http:\/\/infoluro.com\/?p=1690"},"modified":"2016-09-22T11:24:15","modified_gmt":"2016-09-22T14:24:15","slug":"primavera-en-la-salada","status":"publish","type":"post","link":"https:\/\/infoluro.com\/?p=1690","title":{"rendered":"Primavera en la Salada"},"content":{"rendered":"<p>23, 24 y 25 de septiembre, desde las 12 horas, en el Lago Parque La Salada se pondr\u00e1n en marcha los eventos deportivos y culturales para que toda la familia pueda disfrutar de los festejos por el d\u00eda de la primavera. Seg\u00fan coment\u00f3 el Director de Cultura, Julio Garc\u00eda, los shows musicales comenzaran el viernes con bandas locales; el s\u00e1bado actuaran bandas de la regi\u00f3n y el domingo cierra Jaf como numero central, adem\u00e1s confirmo que qued\u00f3 suspendida la actividad de paintball por la queja de varios padres<\/p>\n<p>&nbsp;<\/p>\n<!--[if lt IE 9]><script>document.createElement('audio');<\/script><![endif]-->\n<audio class=\"wp-audio-shortcode\" id=\"audio-1690-1\" preload=\"none\" style=\"width: 100%;\" controls=\"controls\"><source type=\"audio\/mpeg\" src=\"https:\/\/infoluro.com\/wp-content\/uploads\/2016\/09\/GALLEGO-GARCIA-SALADA-22092016.mp3?_=1\" \/><a href=\"https:\/\/infoluro.com\/wp-content\/uploads\/2016\/09\/GALLEGO-GARCIA-SALADA-22092016.mp3\">https:\/\/infoluro.com\/wp-content\/uploads\/2016\/09\/GALLEGO-GARCIA-SALADA-22092016.mp3<\/a><\/audio>\n<p>&nbsp;<\/p>\n<p><!--more--><\/p>\n<ul>\n<li>Talleres de pl\u00e1stica<\/li>\n<li>Torneo de beach v\u00f3ley y f\u00fatbol-tenis<\/li>\n<li>Torneo de video juegos<\/li>\n<li>Campo de paintball<\/li>\n<li>Paseos tur\u00edsticos<\/li>\n<li>Radio en vivo<\/li>\n<li>Bandas de Villarino y la regi\u00f3n<\/li>\n<li>Elecci\u00f3n de la reina y el rey de la primavera<\/li>\n<\/ul>\n<audio class=\"wp-audio-shortcode\" id=\"audio-1690-2\" preload=\"none\" style=\"width: 100%;\" controls=\"controls\"><source type=\"audio\/mpeg\" src=\"https:\/\/infoluro.com\/wp-content\/uploads\/2016\/09\/Spot-Fiesta-de-la-primavera.mp3?_=2\" \/><a href=\"https:\/\/infoluro.com\/wp-content\/uploads\/2016\/09\/Spot-Fiesta-de-la-primavera.mp3\">https:\/\/infoluro.com\/wp-content\/uploads\/2016\/09\/Spot-Fiesta-de-la-primavera.mp3<\/a><\/audio>\n","protected":false},"excerpt":{"rendered":"<p>23, 24 y 25 de septiembre, desde las 12 horas, en el Lago Parque La&#8230;<\/p>\n","protected":false},"author":2,"featured_media":1694,"comment_status":"closed","ping_status":"closed","sticky":false,"template":"","format":"standard","meta":{"footnotes":""},"categories":[12,14],"tags":[],"_links":{"self":[{"href":"https:\/\/infoluro.com\/index.php?rest_route=\/wp\/v2\/posts\/1690"}],"collection":[{"href":"https:\/\/infoluro.com\/index.php?rest_route=\/wp\/v2\/posts"}],"about":[{"href":"https:\/\/infoluro.com\/index.php?rest_route=\/wp\/v2\/types\/post"}],"author":[{"embeddable":true,"href":"https:\/\/infoluro.com\/index.php?rest_route=\/wp\/v2\/users\/2"}],"replies":[{"embeddable":true,"href":"https:\/\/infoluro.com\/index.php?rest_route=%2Fwp%2Fv2%2Fcomments&post=1690"}],"version-history":[{"count":0,"href":"https:\/\/infoluro.com\/index.php?rest_route=\/wp\/v2\/posts\/1690\/revisions"}],"wp:featuredmedia":[{"embeddable":true,"href":"https:\/\/infoluro.com\/index.php?rest_route=\/wp\/v2\/media\/1694"}],"wp:attachment":[{"href":"https:\/\/infoluro.com\/index.php?rest_route=%2Fwp%2Fv2%2Fmedia&parent=1690"}],"wp:term":[{"taxonomy":"category","embeddable":true,"href":"https:\/\/infoluro.com\/index.php?rest_route=%2Fwp%2Fv2%2Fcategories&post=1690"},{"taxonomy":"post_tag","embeddable":true,"href":"https:\/\/infoluro.com\/index.php?rest_route=%2Fwp%2Fv2%2Ftags&post=1690"}],"curies":[{"name":"wp","href":"https:\/\/api.w.org\/{rel}","templated":true}]}}