{"id":1721,"date":"2016-09-27T11:43:21","date_gmt":"2016-09-27T14:43:21","guid":{"rendered":"http:\/\/infoluro.com\/?p=1721"},"modified":"2016-09-27T11:43:21","modified_gmt":"2016-09-27T14:43:21","slug":"david-fue-dado-de-alta-la-alegria-se-le-veia-en-la-cara","status":"publish","type":"post","link":"https:\/\/infoluro.com\/?p=1721","title":{"rendered":"David fue dado de alta: \u201cla alegr\u00eda se le ve\u00eda en la cara\u201d"},"content":{"rendered":"<p>\u201cEstamos muy contentos porque ayer nos dieron el alta; ahora se le har\u00e1n \u00a0los controles en forma continua para monitorear la recuperaci\u00f3n, hasta que pueda volver a viajar de retorno a Pedro Luro. \u201cCuando lo sacamos al patio, la alegr\u00eda se le ve\u00eda en la cara\u201d sostuvo Mar\u00eda In\u00e9s Sosa, mam\u00e1 del peque\u00f1o; recordamos que desde el 29 de agosto David Kohl se encontraba internado en el Hospital de Ni\u00f1os de Boston, acompa\u00f1ado por sus padres y sus hermanas. \u00a0Seg\u00fan informaron los m\u00e9dicos, \u201cno hay programaci\u00f3n de cirug\u00eda a coraz\u00f3n abierto en el corto plazo, \u00e9l se va poner fuerte y va recuperar cosas que tuvo frenada por las 6 cirug\u00edas a las que fue sometido\u201d comento la mam\u00e1.<\/p>\n<!--[if lt IE 9]><script>document.createElement('audio');<\/script><![endif]-->\n<audio class=\"wp-audio-shortcode\" id=\"audio-1721-1\" preload=\"none\" style=\"width: 100%;\" controls=\"controls\"><source type=\"audio\/mpeg\" src=\"https:\/\/infoluro.com\/wp-content\/uploads\/2016\/09\/COCO.MAMADEDAVID.ALTA-27092016.mp3?_=1\" \/><a href=\"https:\/\/infoluro.com\/wp-content\/uploads\/2016\/09\/COCO.MAMADEDAVID.ALTA-27092016.mp3\">https:\/\/infoluro.com\/wp-content\/uploads\/2016\/09\/COCO.MAMADEDAVID.ALTA-27092016.mp3<\/a><\/audio>\n","protected":false},"excerpt":{"rendered":"<p>\u201cEstamos muy contentos porque ayer nos dieron el alta; ahora se le har\u00e1n \u00a0los controles&#8230;<\/p>\n","protected":false},"author":2,"featured_media":1723,"comment_status":"closed","ping_status":"closed","sticky":false,"template":"","format":"standard","meta":{"footnotes":""},"categories":[12,14],"tags":[],"_links":{"self":[{"href":"https:\/\/infoluro.com\/index.php?rest_route=\/wp\/v2\/posts\/1721"}],"collection":[{"href":"https:\/\/infoluro.com\/index.php?rest_route=\/wp\/v2\/posts"}],"about":[{"href":"https:\/\/infoluro.com\/index.php?rest_route=\/wp\/v2\/types\/post"}],"author":[{"embeddable":true,"href":"https:\/\/infoluro.com\/index.php?rest_route=\/wp\/v2\/users\/2"}],"replies":[{"embeddable":true,"href":"https:\/\/infoluro.com\/index.php?rest_route=%2Fwp%2Fv2%2Fcomments&post=1721"}],"version-history":[{"count":0,"href":"https:\/\/infoluro.com\/index.php?rest_route=\/wp\/v2\/posts\/1721\/revisions"}],"wp:featuredmedia":[{"embeddable":true,"href":"https:\/\/infoluro.com\/index.php?rest_route=\/wp\/v2\/media\/1723"}],"wp:attachment":[{"href":"https:\/\/infoluro.com\/index.php?rest_route=%2Fwp%2Fv2%2Fmedia&parent=1721"}],"wp:term":[{"taxonomy":"category","embeddable":true,"href":"https:\/\/infoluro.com\/index.php?rest_route=%2Fwp%2Fv2%2Fcategories&post=1721"},{"taxonomy":"post_tag","embeddable":true,"href":"https:\/\/infoluro.com\/index.php?rest_route=%2Fwp%2Fv2%2Ftags&post=1721"}],"curies":[{"name":"wp","href":"https:\/\/api.w.org\/{rel}","templated":true}]}}