{"id":1788,"date":"2016-10-06T11:01:43","date_gmt":"2016-10-06T14:01:43","guid":{"rendered":"http:\/\/infoluro.com\/?p=1788"},"modified":"2016-10-06T11:02:40","modified_gmt":"2016-10-06T14:02:40","slug":"es-falso-que-no-se-abriran-paritarias","status":"publish","type":"post","link":"https:\/\/infoluro.com\/?p=1788","title":{"rendered":"\u201cEs falso que no se abrir\u00e1n paritarias\u201d"},"content":{"rendered":"<p>El Intendente Carlos Bevilacqua paso por los micr\u00f3fonos de la Zfm para aclarar que las paritarias con el Sindicato de Trabajadores Municipales se abrir\u00e1n en breve; solo se est\u00e1 esperando que llegue el informe del CREEBBA correspondiente al mes de Septiembre, donde se sabe que la inflaci\u00f3n superara el 30%, \u00edndice que si se superaba, habilitaba a nuevas paritarias para la actualizaci\u00f3n de los sueldos. \u201cNunca el Ejecutivo manifest\u00f3 que no habr\u00eda paritarias\u201d sostuvo el Intendente y agreg\u00f3 que la cl\u00e1usula gatillo se firm\u00f3 de com\u00fan acuerdo y se cumplir\u00e1.<\/p>\n<!--[if lt IE 9]><script>document.createElement('audio');<\/script><![endif]-->\n<audio class=\"wp-audio-shortcode\" id=\"audio-1788-1\" preload=\"none\" style=\"width: 100%;\" controls=\"controls\"><source type=\"audio\/mpeg\" src=\"https:\/\/infoluro.com\/wp-content\/uploads\/2016\/10\/BEVILACQUA06102016.mp3?_=1\" \/><a href=\"https:\/\/infoluro.com\/wp-content\/uploads\/2016\/10\/BEVILACQUA06102016.mp3\">https:\/\/infoluro.com\/wp-content\/uploads\/2016\/10\/BEVILACQUA06102016.mp3<\/a><\/audio>\n<p><!--more--><\/p>\n<p>&nbsp;<\/p>\n<p>Bevilacqua sostuvo que desde su asunci\u00f3n como Intendente siempre se ha tratado de brindar mejores condiciones; adem\u00e1s se est\u00e1 regularizando la situaci\u00f3n de precariedad laboral con la que se encontraron.<\/p>\n<p>Adem\u00e1s el Intendente se refiri\u00f3 a la adquisici\u00f3n de dos nuevas retroexcavadoras que ya est\u00e1n en el distrito y adelanto que se carrozara una cami\u00f3n para compactaci\u00f3n de residuos para Pedro Luro y el viernes se presentara la nueva ambulancia que adquiri\u00f3 la Cooperadora del Hospital Juan A. Pradere junto a los aportes del Municipio de Villarino.<\/p>\n<p>(foto: lanueva.com)<\/p>\n","protected":false},"excerpt":{"rendered":"<p>El Intendente Carlos Bevilacqua paso por los micr\u00f3fonos de la Zfm para aclarar que las&#8230;<\/p>\n","protected":false},"author":2,"featured_media":1790,"comment_status":"closed","ping_status":"closed","sticky":false,"template":"","format":"standard","meta":{"footnotes":""},"categories":[12,9],"tags":[],"_links":{"self":[{"href":"https:\/\/infoluro.com\/index.php?rest_route=\/wp\/v2\/posts\/1788"}],"collection":[{"href":"https:\/\/infoluro.com\/index.php?rest_route=\/wp\/v2\/posts"}],"about":[{"href":"https:\/\/infoluro.com\/index.php?rest_route=\/wp\/v2\/types\/post"}],"author":[{"embeddable":true,"href":"https:\/\/infoluro.com\/index.php?rest_route=\/wp\/v2\/users\/2"}],"replies":[{"embeddable":true,"href":"https:\/\/infoluro.com\/index.php?rest_route=%2Fwp%2Fv2%2Fcomments&post=1788"}],"version-history":[{"count":0,"href":"https:\/\/infoluro.com\/index.php?rest_route=\/wp\/v2\/posts\/1788\/revisions"}],"wp:featuredmedia":[{"embeddable":true,"href":"https:\/\/infoluro.com\/index.php?rest_route=\/wp\/v2\/media\/1790"}],"wp:attachment":[{"href":"https:\/\/infoluro.com\/index.php?rest_route=%2Fwp%2Fv2%2Fmedia&parent=1788"}],"wp:term":[{"taxonomy":"category","embeddable":true,"href":"https:\/\/infoluro.com\/index.php?rest_route=%2Fwp%2Fv2%2Fcategories&post=1788"},{"taxonomy":"post_tag","embeddable":true,"href":"https:\/\/infoluro.com\/index.php?rest_route=%2Fwp%2Fv2%2Ftags&post=1788"}],"curies":[{"name":"wp","href":"https:\/\/api.w.org\/{rel}","templated":true}]}}