{"id":1797,"date":"2016-10-07T11:50:32","date_gmt":"2016-10-07T14:50:32","guid":{"rendered":"http:\/\/infoluro.com\/?p=1797"},"modified":"2016-10-07T11:50:32","modified_gmt":"2016-10-07T14:50:32","slug":"se-presento-la-nueva-ambulancia-para-el-hospital-local","status":"publish","type":"post","link":"https:\/\/infoluro.com\/?p=1797","title":{"rendered":"Se present\u00f3 la nueva ambulancia para el Hospital Local"},"content":{"rendered":"<p>Se present\u00f3 esta ma\u00f1ana la nueva ambulancia 0km adquirida conjuntamente con los aportes de la asociaci\u00f3n Cooperadora del Hospital Local y el Municipio de Villarino. En el acto estuvieron presentes el Intendente Carlos Bevilacqua, la secretaria de salud Silvia H\u00e1ure, el Director del Hospital Ramiro Bertinant y los integrantes de la Cooperadora Pedro Robledo e Ismael Ver\u00f3n quienes mostraron su satisfacci\u00f3n por esta nueva unidad tan importante para el \u00e1rea de salud de Pedro Luro. El Hospital ahora cuenta con dos unidades nuevas, ya que esta se suma a la entregada semanas atr\u00e1s por la Gobernadora Mar\u00eda Eugenia Vidal en su visita a la localidad. Escucha los testimonios que consegu\u00eda el m\u00f3vil de la Zfm.<\/p>\n<!--[if lt IE 9]><script>document.createElement('audio');<\/script><![endif]-->\n<audio class=\"wp-audio-shortcode\" id=\"audio-1797-1\" preload=\"none\" style=\"width: 100%;\" controls=\"controls\"><source type=\"audio\/mpeg\" src=\"https:\/\/infoluro.com\/wp-content\/uploads\/2016\/10\/AMBULANCIANUEVAMOVIL07102016.mp3?_=1\" \/><a href=\"https:\/\/infoluro.com\/wp-content\/uploads\/2016\/10\/AMBULANCIANUEVAMOVIL07102016.mp3\">https:\/\/infoluro.com\/wp-content\/uploads\/2016\/10\/AMBULANCIANUEVAMOVIL07102016.mp3<\/a><\/audio>\n<audio class=\"wp-audio-shortcode\" id=\"audio-1797-2\" preload=\"none\" style=\"width: 100%;\" controls=\"controls\"><source type=\"audio\/mpeg\" src=\"https:\/\/infoluro.com\/wp-content\/uploads\/2016\/10\/ROBLEDO-VERON07102016.mp3?_=2\" \/><a href=\"https:\/\/infoluro.com\/wp-content\/uploads\/2016\/10\/ROBLEDO-VERON07102016.mp3\">https:\/\/infoluro.com\/wp-content\/uploads\/2016\/10\/ROBLEDO-VERON07102016.mp3<\/a><\/audio>\n","protected":false},"excerpt":{"rendered":"<p>Se present\u00f3 esta ma\u00f1ana la nueva ambulancia 0km adquirida conjuntamente con los aportes de la&#8230;<\/p>\n","protected":false},"author":2,"featured_media":1800,"comment_status":"closed","ping_status":"closed","sticky":false,"template":"","format":"standard","meta":{"footnotes":""},"categories":[12,14],"tags":[],"_links":{"self":[{"href":"https:\/\/infoluro.com\/index.php?rest_route=\/wp\/v2\/posts\/1797"}],"collection":[{"href":"https:\/\/infoluro.com\/index.php?rest_route=\/wp\/v2\/posts"}],"about":[{"href":"https:\/\/infoluro.com\/index.php?rest_route=\/wp\/v2\/types\/post"}],"author":[{"embeddable":true,"href":"https:\/\/infoluro.com\/index.php?rest_route=\/wp\/v2\/users\/2"}],"replies":[{"embeddable":true,"href":"https:\/\/infoluro.com\/index.php?rest_route=%2Fwp%2Fv2%2Fcomments&post=1797"}],"version-history":[{"count":0,"href":"https:\/\/infoluro.com\/index.php?rest_route=\/wp\/v2\/posts\/1797\/revisions"}],"wp:featuredmedia":[{"embeddable":true,"href":"https:\/\/infoluro.com\/index.php?rest_route=\/wp\/v2\/media\/1800"}],"wp:attachment":[{"href":"https:\/\/infoluro.com\/index.php?rest_route=%2Fwp%2Fv2%2Fmedia&parent=1797"}],"wp:term":[{"taxonomy":"category","embeddable":true,"href":"https:\/\/infoluro.com\/index.php?rest_route=%2Fwp%2Fv2%2Fcategories&post=1797"},{"taxonomy":"post_tag","embeddable":true,"href":"https:\/\/infoluro.com\/index.php?rest_route=%2Fwp%2Fv2%2Ftags&post=1797"}],"curies":[{"name":"wp","href":"https:\/\/api.w.org\/{rel}","templated":true}]}}