{"id":1863,"date":"2016-10-17T11:30:56","date_gmt":"2016-10-17T14:30:56","guid":{"rendered":"http:\/\/infoluro.com\/?p=1863"},"modified":"2016-10-17T11:30:56","modified_gmt":"2016-10-17T14:30:56","slug":"condenaron-al-loco-paredes-por-abuso-sexual-simple-2","status":"publish","type":"post","link":"https:\/\/infoluro.com\/?p=1863","title":{"rendered":"Condenaron al \u201cLoco Paredes\u201d por abuso sexual simple"},"content":{"rendered":"<p>Abelino Colinecul de 54 a\u00f1os fue condenado a un a\u00f1o y medio de prisi\u00f3n en suspenso \u00a0por el Juez en lo Correccional N\u00ba 1, Jos\u00e9 Luis Ares por dos casos denunciado en Pedro Luro. \u00bfQu\u00e9 significa prisi\u00f3n en suspenso?, esto permite que el condenado este libre pero \u201cSi el condenado vuelve comete actos similares, alteraciones del orden p\u00fablico; si un vecino denuncia un nuevo delito, el juez de ejecuci\u00f3n deja sin efecto el beneficio de la reclusi\u00f3n y la prisi\u00f3n pasa a ser efectiva. El estudio psicol\u00f3gico determino que Colinecul es consciente de sus actos, por lo tanto es punible\u201d. Esto decia a la Zfm el Dr. Luciano Peretto, asesor legal de una de las v\u00edctimas.<\/p>\n<!--[if lt IE 9]><script>document.createElement('audio');<\/script><![endif]-->\n<audio class=\"wp-audio-shortcode\" id=\"audio-1863-1\" preload=\"none\" style=\"width: 100%;\" controls=\"controls\"><source type=\"audio\/mpeg\" src=\"https:\/\/infoluro.com\/wp-content\/uploads\/2016\/10\/PERETTOCULINICUL-17102016.mp3?_=1\" \/><a href=\"https:\/\/infoluro.com\/wp-content\/uploads\/2016\/10\/PERETTOCULINICUL-17102016.mp3\">https:\/\/infoluro.com\/wp-content\/uploads\/2016\/10\/PERETTOCULINICUL-17102016.mp3<\/a><\/audio>\n<p><!--more--><\/p>\n<p>El primero de los hechos imputados se produjo el 25 de marzo de 2013, a las 18.25, en calle 7, entre 24 y 26, cuando dos adolescentes caminaban por el lugar y una de ellas fue abordada por el procesado. El otro episodio imputado ocurri\u00f3 el 17 de diciembre del a\u00f1o pasado, a las 11, en una oficina ubicada en calle 5 al 1.100. (fuente: lanueva.com)<\/p>\n","protected":false},"excerpt":{"rendered":"<p>Abelino Colinecul de 54 a\u00f1os fue condenado a un a\u00f1o y medio de prisi\u00f3n en&#8230;<\/p>\n","protected":false},"author":2,"featured_media":1838,"comment_status":"closed","ping_status":"closed","sticky":false,"template":"","format":"standard","meta":{"footnotes":""},"categories":[12,14],"tags":[],"_links":{"self":[{"href":"https:\/\/infoluro.com\/index.php?rest_route=\/wp\/v2\/posts\/1863"}],"collection":[{"href":"https:\/\/infoluro.com\/index.php?rest_route=\/wp\/v2\/posts"}],"about":[{"href":"https:\/\/infoluro.com\/index.php?rest_route=\/wp\/v2\/types\/post"}],"author":[{"embeddable":true,"href":"https:\/\/infoluro.com\/index.php?rest_route=\/wp\/v2\/users\/2"}],"replies":[{"embeddable":true,"href":"https:\/\/infoluro.com\/index.php?rest_route=%2Fwp%2Fv2%2Fcomments&post=1863"}],"version-history":[{"count":0,"href":"https:\/\/infoluro.com\/index.php?rest_route=\/wp\/v2\/posts\/1863\/revisions"}],"wp:featuredmedia":[{"embeddable":true,"href":"https:\/\/infoluro.com\/index.php?rest_route=\/wp\/v2\/media\/1838"}],"wp:attachment":[{"href":"https:\/\/infoluro.com\/index.php?rest_route=%2Fwp%2Fv2%2Fmedia&parent=1863"}],"wp:term":[{"taxonomy":"category","embeddable":true,"href":"https:\/\/infoluro.com\/index.php?rest_route=%2Fwp%2Fv2%2Fcategories&post=1863"},{"taxonomy":"post_tag","embeddable":true,"href":"https:\/\/infoluro.com\/index.php?rest_route=%2Fwp%2Fv2%2Ftags&post=1863"}],"curies":[{"name":"wp","href":"https:\/\/api.w.org\/{rel}","templated":true}]}}