{"id":1913,"date":"2016-10-22T22:07:45","date_gmt":"2016-10-23T01:07:45","guid":{"rendered":"http:\/\/infoluro.com\/?p=1913"},"modified":"2016-10-22T22:07:45","modified_gmt":"2016-10-23T01:07:45","slug":"caso-tte-origone-carta-abierta","status":"publish","type":"post","link":"https:\/\/infoluro.com\/?p=1913","title":{"rendered":"Caso Tte. Origone: Carta Abierta"},"content":{"rendered":"<p>D\u00edas pasados en el geri\u00e1trico de Teniente Origone se gener\u00f3 una manifestaci\u00f3n por vecinos del lugar para evitar el ingreso de un paciente al geri\u00e1trico, la familia de la persona en cuesti\u00f3n escribi\u00f3 una carta abierta explicando la situaci\u00f3n. \u201cEscribimos en respuesta a los dichos del Sr Danielli\u00a0 quien en el d\u00eda de ayer se comunic\u00f3 con la radio y realizo una serie de declaraciones respecto de la manifestaci\u00f3n realizada en origone para no permitir el ingreso de un Sr de 64 a\u00f1os de edad que se encuentra transitando un problema de salud.\u201d<!--more--><\/p>\n<p>Partiendo de la ley Nacional de salud mental N\u00b0 26.657<\/p>\n<p><strong>Art\u00edculo 28 \u201cLas internaciones de salud mental deben realizarse en hospitales generales. A tal efecto los hospitales de la red p\u00fablica deben contar con los recursos necesarios. El rechazo de la atenci\u00f3n de pacientes, ya sea ambulatoria o en internaci\u00f3n, por el solo hecho de tratarse de problem\u00e1ticas de salud mental, ser\u00e1 considerado acto discriminatorio en los t\u00e9rminos de la ley 23.592.<\/strong><\/p>\n<p>Todo lo que a continuaci\u00f3n se detallar\u00e1 \u00a0fue informado a la encargada del geri\u00e1trico con anterioridad a la manifestaci\u00f3n que se gener\u00f3 en la localidad de TTE ORIGONE el d\u00eda jueves 20 de Octubre.<\/p>\n<p>En primer LUGAR el Sr no es \u201caltamente peligroso \u201ccomo lo calific\u00f3 este vecino, que se comunic\u00f3 con la radio, sino que posee un alta m\u00e9dica ya que fue evaluado por el servicio de psiquiatr\u00eda y estuvo siendo observado por este servicio desde el 30 de Septiembre. Posee alta del servicio por encontrarse compensado y solicitan contin\u00fae su tratamiento ambulatorio en alg\u00fan hogar, geri\u00e1trico o instituci\u00f3n de salud para que pueda ser cuidado y supervisado por agentes de salud.<\/p>\n<p>Por este motivo el D\u00eda jueves \u00a0se acercaron a la familia: el director del hospital de m\u00e9danos Sebasti\u00e1n Bustos, el se\u00f1or Omar Barrag\u00e1n y La secretaria de Salud Silvia Aure para decirles que hab\u00eda una vacante en el geri\u00e1trico de Origone y que ser\u00eda aceptado en el mismo.<\/p>\n<p>Otro dato importante, es que estos establecimientos, no es necesario \u00a0que cuenten con un especialista en psiquiatr\u00eda dado que el Sr continuar\u00e1 siendo supervisado por un psiquiatra del hospital Penna, ya tiene los turnos correspondientes y sus familiares se har\u00edan cargo de continuar el tratamiento.<\/p>\n<p>En segundo lugar nunca corri\u00f3 a ning\u00fan vecino con su motosierra como se lo acus\u00f3. No existen denuncias de este tipo en ning\u00fan destacamento policial, si este hecho hubiese ocurrido, ser\u00eda el lugar para denunciarlo.<\/p>\n<p>En tercer lugar est\u00e1\u00a0 y sigue cuidado las 24 hs por un familiar, solo a la noche se encomend\u00f3 esta tarea a otra persona paga por la familia,\u00a0 dado que todos trabajan. Por lo tanto es imposible que el paciente se haya masturbado frente a las enfermeras como dice el se\u00f1or Danielli.<\/p>\n<p>Por otro lado,\u00a0 Es cierto que los familiares fueron a conocer las instalaciones acompa\u00f1ados con el paciente y por recomendaci\u00f3n del Director del geri\u00e1trico\u00a0 (Omar Barrag\u00e1n);\u00a0 Ese d\u00eda\u00a0\u00a0 su hijo\u00a0 lo ten\u00eda del brazo, no porque fuera peligroso, (como los dice el se\u00f1or Danielli) sino porque los efectos de la medicaci\u00f3n lo adormecen.<\/p>\n<p>Otro tema, es la edad de ingreso a los geri\u00e1tricos.\u00a0 La misma\u00a0 es de 62 a\u00f1os y el paciente tiene 64.<\/p>\n<p>En cuanto a la patolog\u00eda, los vecinos refieren a que el personal no se encuentra capacitado para atender estas problem\u00e1ticas, pero en el geri\u00e1trico actualmente hay dos pacientes con problemas psiqui\u00e1tricos\u00a0 y medicados.<\/p>\n<p>.Por \u00faltimo la Dra. Galindez no conoce a la persona que iba a ingresar al establecimiento por lo tanto nunca lo \u00a0pudo haber evaluado como dijo Danielli.<\/p>\n<p>Se realizan todas estas aclaraciones dado que todo lo referido por este vecino de Origone no fueron m\u00e1s que injurias y calumnias dirigidas a una persona que no conoce, no conoci\u00f3 y tampoco conocer\u00e1 \u00a0gui\u00e1ndose por las apreciaciones realizadas por la encargada de la instituci\u00f3n, quien no solo filtro informaci\u00f3n de la entrevista con los familiares, sino que distorsion\u00f3 y descontextualiz\u00f3 los t\u00e9rminos utilizados por su hija.\u00a0 Convocando a la comunidad de Origone con argumentos infundados.<\/p>\n<p>Esto se pudo observar \u00a0\u00a0ya que al d\u00eda siguiente de haber hablado con los familiares estaba presente en la manifestaci\u00f3n se\u00f1alando a los mismos\u00a0 y exigiendo detalles de lo que su hija hab\u00eda referido en la entrevista.<\/p>\n<p>Como familiares, se realizar\u00e1n acciones legales contra estos dichos, dado que se encuentran regulados en los art\u00edculos 116 y 205 del c\u00f3digo penal. Como as\u00ed tambi\u00e9n se solicitar\u00e1\u00a0 al municipio tomen medidas con respecto al director del geri\u00e1trico y \u00a0su encargada quienes no solo violaron la ley 26.657 sino que violaron un derecho b\u00e1sico como es el de derecho a la salud.<\/p>\n<p>Por todo lo dicho repudiamos la actitud tomada por la comunidad de Origone de negar el acceso a una persona con problemas de salud al geri\u00e1trico, siendo que este establecimiento es p\u00fablico y que la m\u00e1xima autoridad en salud del distrito de Villarino la Dra. Haure, habr\u00eda autorizado el ingreso actuado con responsabilidad y\u00a0 seg\u00fan lo que estipula la ley\u00a0 26.657.<\/p>\n<p>Si no \u00a0se realizaron declaraciones en los medios masivos de comunicaci\u00f3n frente a la reacci\u00f3n de la comunidad de Origone, no fue por considerar que no se ten\u00edan herramientas v\u00e1lidas para repudiar la actitud, \u00a0sino porque nos encontramos ocupados \u00a0y preocupados en resolver la problem\u00e1tica de salud de nuestro padre y sabemos que tanto la secretaria de salud en este caso la Dra. Haure \u00a0y de salud mental Pamela Stefanelli se encuentra ayudando y trabajando en resolver la problem\u00e1tica.<\/p>\n<p>Pero no podemos permitir que gente como el Sr \u00a0Danielli, ni otra persona como se ve en la p\u00e1gina sigan difundiendo una \u00a0informaci\u00f3n err\u00f3nea y generando malestar no solo en los \u00a0familiares sino en toda una comunidad por lo tanto realizamos por medio de esta carta estas aclaraciones.<\/p>\n<p>Sin otro motivo solicitamos respeto y solidaridad frente a esta dif\u00edcil situaci\u00f3n.<\/p>\n<p>Muchas gracias.<\/p>\n<p>&nbsp;<\/p>\n<p>&nbsp;<\/p>\n<p>&nbsp;<\/p>\n<p>&nbsp;<\/p>\n<p>&nbsp;<\/p>\n<p>&nbsp;<\/p>\n","protected":false},"excerpt":{"rendered":"<p>D\u00edas pasados en el geri\u00e1trico de Teniente Origone se gener\u00f3 una manifestaci\u00f3n por vecinos del&#8230;<\/p>\n","protected":false},"author":2,"featured_media":1900,"comment_status":"closed","ping_status":"closed","sticky":false,"template":"","format":"standard","meta":{"footnotes":""},"categories":[12,4],"tags":[],"_links":{"self":[{"href":"https:\/\/infoluro.com\/index.php?rest_route=\/wp\/v2\/posts\/1913"}],"collection":[{"href":"https:\/\/infoluro.com\/index.php?rest_route=\/wp\/v2\/posts"}],"about":[{"href":"https:\/\/infoluro.com\/index.php?rest_route=\/wp\/v2\/types\/post"}],"author":[{"embeddable":true,"href":"https:\/\/infoluro.com\/index.php?rest_route=\/wp\/v2\/users\/2"}],"replies":[{"embeddable":true,"href":"https:\/\/infoluro.com\/index.php?rest_route=%2Fwp%2Fv2%2Fcomments&post=1913"}],"version-history":[{"count":0,"href":"https:\/\/infoluro.com\/index.php?rest_route=\/wp\/v2\/posts\/1913\/revisions"}],"wp:featuredmedia":[{"embeddable":true,"href":"https:\/\/infoluro.com\/index.php?rest_route=\/wp\/v2\/media\/1900"}],"wp:attachment":[{"href":"https:\/\/infoluro.com\/index.php?rest_route=%2Fwp%2Fv2%2Fmedia&parent=1913"}],"wp:term":[{"taxonomy":"category","embeddable":true,"href":"https:\/\/infoluro.com\/index.php?rest_route=%2Fwp%2Fv2%2Fcategories&post=1913"},{"taxonomy":"post_tag","embeddable":true,"href":"https:\/\/infoluro.com\/index.php?rest_route=%2Fwp%2Fv2%2Ftags&post=1913"}],"curies":[{"name":"wp","href":"https:\/\/api.w.org\/{rel}","templated":true}]}}