{"id":1930,"date":"2016-10-25T10:29:21","date_gmt":"2016-10-25T13:29:21","guid":{"rendered":"http:\/\/infoluro.com\/?p=1930"},"modified":"2016-10-25T10:29:21","modified_gmt":"2016-10-25T13:29:21","slug":"geriatrico-origone-el-punto-de-vista-del-municipio","status":"publish","type":"post","link":"https:\/\/infoluro.com\/?p=1930","title":{"rendered":"Geri\u00e1trico Origone: el punto de vista del Municipio"},"content":{"rendered":"<p>Pamela Stefanelli, Directora del \u00c1rea de Salud Mental y Adicciones paso por los micr\u00f3fonos de la Z fm para brindar su punto de vista sobre la protesta vecinal en Origone para prohibir el ingreso de un paciente al geri\u00e1trico de la mencionada localidad. \u201cFalto un trabajo previo con los integrantes del geri\u00e1trico y los vecinos. Le debemos dar una respuesta a la familia del paciente\u201d. Este hombre de 64 a\u00f1os es un paciente psiqui\u00e1trico pero se encontraba compensado y habilitado medicamente para ser albergado en el geri\u00e1trico. Seg\u00fan comento Stefanelli, el hombre quedara alojado en el Hospital de M\u00e9danos.<\/p>\n<!--[if lt IE 9]><script>document.createElement('audio');<\/script><![endif]-->\n<audio class=\"wp-audio-shortcode\" id=\"audio-1930-1\" preload=\"none\" style=\"width: 100%;\" controls=\"controls\"><source type=\"audio\/mpeg\" src=\"https:\/\/infoluro.com\/wp-content\/uploads\/2016\/10\/PAMERLA-STEFANELLI-DIR-SALUDMENTAL-ORIGONE.-25102016.mp3?_=1\" \/><a href=\"https:\/\/infoluro.com\/wp-content\/uploads\/2016\/10\/PAMERLA-STEFANELLI-DIR-SALUDMENTAL-ORIGONE.-25102016.mp3\">https:\/\/infoluro.com\/wp-content\/uploads\/2016\/10\/PAMERLA-STEFANELLI-DIR-SALUDMENTAL-ORIGONE.-25102016.mp3<\/a><\/audio>\n","protected":false},"excerpt":{"rendered":"<p>Pamela Stefanelli, Directora del \u00c1rea de Salud Mental y Adicciones paso por los micr\u00f3fonos de&#8230;<\/p>\n","protected":false},"author":2,"featured_media":1900,"comment_status":"closed","ping_status":"closed","sticky":false,"template":"","format":"standard","meta":{"footnotes":""},"categories":[12],"tags":[],"_links":{"self":[{"href":"https:\/\/infoluro.com\/index.php?rest_route=\/wp\/v2\/posts\/1930"}],"collection":[{"href":"https:\/\/infoluro.com\/index.php?rest_route=\/wp\/v2\/posts"}],"about":[{"href":"https:\/\/infoluro.com\/index.php?rest_route=\/wp\/v2\/types\/post"}],"author":[{"embeddable":true,"href":"https:\/\/infoluro.com\/index.php?rest_route=\/wp\/v2\/users\/2"}],"replies":[{"embeddable":true,"href":"https:\/\/infoluro.com\/index.php?rest_route=%2Fwp%2Fv2%2Fcomments&post=1930"}],"version-history":[{"count":0,"href":"https:\/\/infoluro.com\/index.php?rest_route=\/wp\/v2\/posts\/1930\/revisions"}],"wp:featuredmedia":[{"embeddable":true,"href":"https:\/\/infoluro.com\/index.php?rest_route=\/wp\/v2\/media\/1900"}],"wp:attachment":[{"href":"https:\/\/infoluro.com\/index.php?rest_route=%2Fwp%2Fv2%2Fmedia&parent=1930"}],"wp:term":[{"taxonomy":"category","embeddable":true,"href":"https:\/\/infoluro.com\/index.php?rest_route=%2Fwp%2Fv2%2Fcategories&post=1930"},{"taxonomy":"post_tag","embeddable":true,"href":"https:\/\/infoluro.com\/index.php?rest_route=%2Fwp%2Fv2%2Ftags&post=1930"}],"curies":[{"name":"wp","href":"https:\/\/api.w.org\/{rel}","templated":true}]}}