{"id":1994,"date":"2016-11-07T09:43:10","date_gmt":"2016-11-07T12:43:10","guid":{"rendered":"http:\/\/infoluro.com\/?p=1994"},"modified":"2016-11-07T11:55:37","modified_gmt":"2016-11-07T14:55:37","slug":"50o-fiesta-nacional-del-ajo","status":"publish","type":"post","link":"https:\/\/infoluro.com\/?p=1994","title":{"rendered":"50\u00ba Fiesta Nacional del Ajo"},"content":{"rendered":"<p>Fue un \u00e9xito rotundo la organizaci\u00f3n de la Comisi\u00f3n Directiva de la \u00a0festividad nacional que se desarroll\u00f3 en Villarino, viernes, s\u00e1bado y domingo se vivi\u00f3 a pura fiesta. Con un marco importante de turistas y un clima \u00fanico, se desarroll\u00f3 con total normalidad los festejos preparados. Con la presencia del intendente, Carlos Bevilacqua, y de los Diputados Nacionales Sergio Massa y Gustavo Bevilacqua, se desarroll\u00f3 en el palco central el acto oficial con desfile c\u00edvico militar frente al palacio Municipal de M\u00e9danos. (Audio acto central)<\/p>\n<!--[if lt IE 9]><script>document.createElement('audio');<\/script><![endif]-->\n<audio class=\"wp-audio-shortcode\" id=\"audio-1994-1\" preload=\"none\" style=\"width: 100%;\" controls=\"controls\"><source type=\"audio\/mpeg\" src=\"https:\/\/infoluro.com\/wp-content\/uploads\/2016\/11\/BEVILACQUA-FIESTA-DEL-AJO.04112016.mp3?_=1\" \/><a href=\"https:\/\/infoluro.com\/wp-content\/uploads\/2016\/11\/BEVILACQUA-FIESTA-DEL-AJO.04112016.mp3\">https:\/\/infoluro.com\/wp-content\/uploads\/2016\/11\/BEVILACQUA-FIESTA-DEL-AJO.04112016.mp3<\/a><\/audio>\n","protected":false},"excerpt":{"rendered":"<p>Fue un \u00e9xito rotundo la organizaci\u00f3n de la Comisi\u00f3n Directiva de la \u00a0festividad nacional que&#8230;<\/p>\n","protected":false},"author":2,"featured_media":1995,"comment_status":"closed","ping_status":"closed","sticky":false,"template":"","format":"standard","meta":{"footnotes":""},"categories":[12,9],"tags":[],"_links":{"self":[{"href":"https:\/\/infoluro.com\/index.php?rest_route=\/wp\/v2\/posts\/1994"}],"collection":[{"href":"https:\/\/infoluro.com\/index.php?rest_route=\/wp\/v2\/posts"}],"about":[{"href":"https:\/\/infoluro.com\/index.php?rest_route=\/wp\/v2\/types\/post"}],"author":[{"embeddable":true,"href":"https:\/\/infoluro.com\/index.php?rest_route=\/wp\/v2\/users\/2"}],"replies":[{"embeddable":true,"href":"https:\/\/infoluro.com\/index.php?rest_route=%2Fwp%2Fv2%2Fcomments&post=1994"}],"version-history":[{"count":0,"href":"https:\/\/infoluro.com\/index.php?rest_route=\/wp\/v2\/posts\/1994\/revisions"}],"wp:featuredmedia":[{"embeddable":true,"href":"https:\/\/infoluro.com\/index.php?rest_route=\/wp\/v2\/media\/1995"}],"wp:attachment":[{"href":"https:\/\/infoluro.com\/index.php?rest_route=%2Fwp%2Fv2%2Fmedia&parent=1994"}],"wp:term":[{"taxonomy":"category","embeddable":true,"href":"https:\/\/infoluro.com\/index.php?rest_route=%2Fwp%2Fv2%2Fcategories&post=1994"},{"taxonomy":"post_tag","embeddable":true,"href":"https:\/\/infoluro.com\/index.php?rest_route=%2Fwp%2Fv2%2Ftags&post=1994"}],"curies":[{"name":"wp","href":"https:\/\/api.w.org\/{rel}","templated":true}]}}