{"id":2009,"date":"2016-11-10T11:48:33","date_gmt":"2016-11-10T14:48:33","guid":{"rendered":"http:\/\/infoluro.com\/?p=2009"},"modified":"2016-11-10T11:48:33","modified_gmt":"2016-11-10T14:48:33","slug":"aumento-de-sueldo-para-los-municipales-de-villarino","status":"publish","type":"post","link":"https:\/\/infoluro.com\/?p=2009","title":{"rendered":"Aumento de sueldo para los municipales de Villarino"},"content":{"rendered":"<p>D\u00edas pasados se logr\u00f3 llegar a un acuerdo entre el ejecutivo municipal y el Sindicato de Trabajadores Municipales del distrito, el Intendente de Villarino, Carlos Bevilacqua, cerr\u00f3 el acuerdo con los representantes del gremio con un incremento del 6% escalonado para lo que resta del a\u00f1o. Este aumento que consolida un 38% anual para los trabajadores permitir\u00e1 comenzar el 2017 con el ritmo de trabajo que el Intendente deseaba.\u00a0<!--more--><\/p>\n<p>De esta manera, avalaron la firma del acta de acuerdo y compromisos entre el STMV y el Ejecutivo Municipal que establece un aumento salarial en dos etapas, un 2% en noviembre y 4% en diciembre, para alcanzar de esta manera un aumento acumulativo y remunerativo del 38% anual. En el acta tambi\u00e9n se acord\u00f3 para el mes de diciembre la entrega de un bono de fin de a\u00f1o no remunerativo de $1000, el pase a planta permanente de 35 trabajadores temporarios, la re categorizaci\u00f3n seg\u00fan antig\u00fcedad y buen desempe\u00f1o de 15 trabajadores de planta permanente, el compromiso del Ejecutivo Municipal en la entrega de ropa de trabajo en un proceso de gradual normalizaci\u00f3n en diversas \u00e1reas del municipio y que por primera vez incluy\u00f3 a los trabajadores de la salud y as\u00ed en este \u00e1mbito ir cumpliendo con todas las necesidades, pasar en el mes de enero de 2017 a 10 becarios a la categor\u00eda de personal temporario jornalizado, por \u00faltimo ambas partes asumieron el compromiso de reanudar la mesa de di\u00e1logo a partir de la segunda quincena del mes de febrero del pr\u00f3ximo a\u00f1o.<br \/>\n&#8220;Los trabajadores municipales son parte fundamental de los avances que queremos poner en marcha d\u00eda a d\u00eda en Villarino por eso, desde el primer d\u00eda quisimos mejorar sus condiciones laborales al mismo tiempo que intensificamos la cultura del trabajo duro y al servicio de los vecinos, que son lo m\u00e1s importante&#8221; -coment\u00f3 Bevilacqua-.<\/p>\n<p>Villarino logr\u00f3 sin conflictos cerrar un acuerdo con los trabajadores en medio de una regi\u00f3n donde los intendentes est\u00e1n haciendo malabares para cerrar sus presupuestos.<\/p>\n<p>&nbsp;<\/p>\n<p>&nbsp;<\/p>\n","protected":false},"excerpt":{"rendered":"<p>D\u00edas pasados se logr\u00f3 llegar a un acuerdo entre el ejecutivo municipal y el Sindicato&#8230;<\/p>\n","protected":false},"author":2,"featured_media":2010,"comment_status":"closed","ping_status":"closed","sticky":false,"template":"","format":"standard","meta":{"footnotes":""},"categories":[12,3,9],"tags":[],"_links":{"self":[{"href":"https:\/\/infoluro.com\/index.php?rest_route=\/wp\/v2\/posts\/2009"}],"collection":[{"href":"https:\/\/infoluro.com\/index.php?rest_route=\/wp\/v2\/posts"}],"about":[{"href":"https:\/\/infoluro.com\/index.php?rest_route=\/wp\/v2\/types\/post"}],"author":[{"embeddable":true,"href":"https:\/\/infoluro.com\/index.php?rest_route=\/wp\/v2\/users\/2"}],"replies":[{"embeddable":true,"href":"https:\/\/infoluro.com\/index.php?rest_route=%2Fwp%2Fv2%2Fcomments&post=2009"}],"version-history":[{"count":0,"href":"https:\/\/infoluro.com\/index.php?rest_route=\/wp\/v2\/posts\/2009\/revisions"}],"wp:featuredmedia":[{"embeddable":true,"href":"https:\/\/infoluro.com\/index.php?rest_route=\/wp\/v2\/media\/2010"}],"wp:attachment":[{"href":"https:\/\/infoluro.com\/index.php?rest_route=%2Fwp%2Fv2%2Fmedia&parent=2009"}],"wp:term":[{"taxonomy":"category","embeddable":true,"href":"https:\/\/infoluro.com\/index.php?rest_route=%2Fwp%2Fv2%2Fcategories&post=2009"},{"taxonomy":"post_tag","embeddable":true,"href":"https:\/\/infoluro.com\/index.php?rest_route=%2Fwp%2Fv2%2Ftags&post=2009"}],"curies":[{"name":"wp","href":"https:\/\/api.w.org\/{rel}","templated":true}]}}