{"id":2019,"date":"2016-11-14T10:45:56","date_gmt":"2016-11-14T13:45:56","guid":{"rendered":"http:\/\/infoluro.com\/?p=2019"},"modified":"2016-11-14T10:45:56","modified_gmt":"2016-11-14T13:45:56","slug":"seip-consiguio-un-podio-en-la-ultima-del-ano","status":"publish","type":"post","link":"https:\/\/infoluro.com\/?p=2019","title":{"rendered":"Seip consigui\u00f3 un podio en la \u00faltima del A\u00f1o"},"content":{"rendered":"<p>Maximiliano Seip se subi\u00f3 al segundo escal\u00f3n del podio en la segunda final que disputo el Tc del Sudoeste en el Aut\u00f3dromo Ciudad de Pig\u00fc\u00e9, \u00faltima fecha del calendario. El piloto de Pedro Luro\u00a0 finalizo a 2 segundos del ganador Roberto Lobay que se consagr\u00f3 campe\u00f3n; Bernardo Marcel completo el podio.<\/p>\n<p><!--more--><\/p>\n<p><strong>1era Final<\/strong><\/p>\n<table width=\"100%\">\n<tbody>\n<tr>\n<td><strong><em>Pos<\/em><\/strong><\/td>\n<td><strong><em>N\u00b0<\/em><\/strong><\/td>\n<td><strong><em>Piloto<\/em><\/strong><\/td>\n<td><strong><em>Marca<\/em><\/strong><\/td>\n<td><strong><em>Tiempo<\/em><\/strong><\/td>\n<\/tr>\n<tr>\n<td>1<\/td>\n<td>1<\/td>\n<td>Iseppi, Mat\u00edas<\/td>\n<td>Ford<\/td>\n<td>19:45s842<\/td>\n<\/tr>\n<tr>\n<td>2<\/td>\n<td>66<\/td>\n<td>P\u00e9rez Bravo, Emmanuel<\/td>\n<td>Chevy<\/td>\n<td>a 2s806<\/td>\n<\/tr>\n<tr>\n<td>3<\/td>\n<td>4<\/td>\n<td>Sosa, Juan Manuel<\/td>\n<td>Chevy<\/td>\n<td>a 8s076<\/td>\n<\/tr>\n<tr>\n<td>4<\/td>\n<td>3<\/td>\n<td>Lobay, Roberto<\/td>\n<td>Ford<\/td>\n<td>a 8s803<\/td>\n<\/tr>\n<tr>\n<td>5<\/td>\n<td>22<\/td>\n<td>Lecomte, Marcos<\/td>\n<td>Ford<\/td>\n<td>a 18s100<\/td>\n<\/tr>\n<tr>\n<td>6<\/td>\n<td>14<\/td>\n<td>Albero, Ezequiel<\/td>\n<td>Dodge<\/td>\n<td>a 26s502<\/td>\n<\/tr>\n<tr>\n<td>7<\/td>\n<td>9<\/td>\n<td>Marcel, Bernardo<\/td>\n<td>Ford<\/td>\n<td>a 28s528<\/td>\n<\/tr>\n<tr>\n<td>8<\/td>\n<td>7<\/td>\n<td>Seip, Maximiliano<\/td>\n<td>Ford<\/td>\n<td>a 30s314<\/td>\n<\/tr>\n<tr>\n<td>9<\/td>\n<td>10<\/td>\n<td>P\u00e9rez, Fabi\u00e1n<\/td>\n<td>Ford<\/td>\n<td>a 33s375<\/td>\n<\/tr>\n<tr>\n<td>10<\/td>\n<td>8<\/td>\n<td>Ochoa, Hugo<\/td>\n<td>Ford<\/td>\n<td>a 34s563<\/td>\n<\/tr>\n<\/tbody>\n<\/table>\n<p>&nbsp;<\/p>\n<p>2da Final<\/p>\n<table width=\"100%\">\n<tbody>\n<tr>\n<td><strong><em>Pos<\/em><\/strong><\/td>\n<td><strong><em>N\u00b0<\/em><\/strong><\/td>\n<td><strong><em>Piloto<\/em><\/strong><\/td>\n<td><strong><em>Marca<\/em><\/strong><\/td>\n<td><strong><em>Tiempo<\/em><\/strong><\/td>\n<\/tr>\n<tr>\n<td>1<\/td>\n<td>3<\/td>\n<td>Lobay, Roberto<\/td>\n<td>Ford<\/td>\n<td>20:01s478<\/td>\n<\/tr>\n<tr>\n<td>2<\/td>\n<td>7<\/td>\n<td>Seip, Maximiliano<\/td>\n<td>Ford<\/td>\n<td>a 2s924<\/td>\n<\/tr>\n<tr>\n<td>3<\/td>\n<td>9<\/td>\n<td>Marcel, Bernardo<\/td>\n<td>Ford<\/td>\n<td>a 7s241<\/td>\n<\/tr>\n<tr>\n<td>4<\/td>\n<td>14<\/td>\n<td>Albero, Ezequiel<\/td>\n<td>Dodge<\/td>\n<td>a 9s400<\/td>\n<\/tr>\n<tr>\n<td>5<\/td>\n<td>22<\/td>\n<td>Lecomte, Marcos<\/td>\n<td>Ford<\/td>\n<td>a 9s939<\/td>\n<\/tr>\n<tr>\n<td>6<\/td>\n<td>40<\/td>\n<td>Crespo, Juli\u00e1n<\/td>\n<td>Chevy<\/td>\n<td>a 12s404<\/td>\n<\/tr>\n<tr>\n<td>7<\/td>\n<td>10<\/td>\n<td>P\u00e9rez, Fabi\u00e1n<\/td>\n<td>Ford<\/td>\n<td>a 12s462<\/td>\n<\/tr>\n<tr>\n<td>8<\/td>\n<td>66<\/td>\n<td>P\u00e9rez Bravo, Emmanuel<\/td>\n<td>Chevy<\/td>\n<td>a 14s706<\/td>\n<\/tr>\n<tr>\n<td>9<\/td>\n<td>8<\/td>\n<td>Ochoa, Hugo<\/td>\n<td>Ford<\/td>\n<td>a 25s461<\/td>\n<\/tr>\n<tr>\n<td>10<\/td>\n<td>4<\/td>\n<td>Sosa, Juan Manuel<\/td>\n<td>Chevy<\/td>\n<td>a 3<\/td>\n<\/tr>\n<\/tbody>\n<\/table>\n","protected":false},"excerpt":{"rendered":"<p>Maximiliano Seip se subi\u00f3 al segundo escal\u00f3n del podio en la segunda final que disputo&#8230;<\/p>\n","protected":false},"author":2,"featured_media":1349,"comment_status":"closed","ping_status":"closed","sticky":false,"template":"","format":"standard","meta":{"footnotes":""},"categories":[12,7],"tags":[],"_links":{"self":[{"href":"https:\/\/infoluro.com\/index.php?rest_route=\/wp\/v2\/posts\/2019"}],"collection":[{"href":"https:\/\/infoluro.com\/index.php?rest_route=\/wp\/v2\/posts"}],"about":[{"href":"https:\/\/infoluro.com\/index.php?rest_route=\/wp\/v2\/types\/post"}],"author":[{"embeddable":true,"href":"https:\/\/infoluro.com\/index.php?rest_route=\/wp\/v2\/users\/2"}],"replies":[{"embeddable":true,"href":"https:\/\/infoluro.com\/index.php?rest_route=%2Fwp%2Fv2%2Fcomments&post=2019"}],"version-history":[{"count":0,"href":"https:\/\/infoluro.com\/index.php?rest_route=\/wp\/v2\/posts\/2019\/revisions"}],"wp:featuredmedia":[{"embeddable":true,"href":"https:\/\/infoluro.com\/index.php?rest_route=\/wp\/v2\/media\/1349"}],"wp:attachment":[{"href":"https:\/\/infoluro.com\/index.php?rest_route=%2Fwp%2Fv2%2Fmedia&parent=2019"}],"wp:term":[{"taxonomy":"category","embeddable":true,"href":"https:\/\/infoluro.com\/index.php?rest_route=%2Fwp%2Fv2%2Fcategories&post=2019"},{"taxonomy":"post_tag","embeddable":true,"href":"https:\/\/infoluro.com\/index.php?rest_route=%2Fwp%2Fv2%2Ftags&post=2019"}],"curies":[{"name":"wp","href":"https:\/\/api.w.org\/{rel}","templated":true}]}}