{"id":2045,"date":"2016-11-17T09:50:34","date_gmt":"2016-11-17T12:50:34","guid":{"rendered":"http:\/\/infoluro.com\/?p=2045"},"modified":"2016-11-17T11:40:04","modified_gmt":"2016-11-17T14:40:04","slug":"pedro-luro-se-prepara-para-celebrar-103-anos","status":"publish","type":"post","link":"https:\/\/infoluro.com\/?p=2045","title":{"rendered":"Pedro Luro se prepara para celebrar 103 a\u00f1os"},"content":{"rendered":"<p>Este s\u00e1bado se realizara en el Complejo Polideportivo de Fort\u00edn Club la Fiesta del Pueblo, en\u00a0 conmemoraci\u00f3n a los festejos por el 103 Aniversario de Pedro Luro. Durante el evento se elegir\u00e1 a la nueva reina, que saldr\u00e1 de las seis postulantes que se presentaran durante la noche. Como todos los a\u00f1os se realizara el sorteo de la rifa de la Escuela Secundaria N\u00ba1, adem\u00e1s el p\u00fablico podr\u00e1 disfrutar de espect\u00e1culos musicales y de baile. La informaci\u00f3n la brind\u00f3 a la Zfm Fabi\u00e1n Marlia, Presidente de la Comisi\u00f3n Permanente de Festejos.<\/p>\n<p><!--more--><\/p>\n<p><img loading=\"lazy\" decoding=\"async\" class=\"alignnone wp-image-2046\" src=\"https:\/\/infoluro.com\/wp-content\/uploads\/2016\/11\/15135852_1140497906026899_7877466615554207635_n-1-300x294.jpg\" alt=\"15135852_1140497906026899_7877466615554207635_n (1)\" width=\"446\" height=\"437\" srcset=\"https:\/\/infoluro.com\/wp-content\/uploads\/2016\/11\/15135852_1140497906026899_7877466615554207635_n-1-300x294.jpg 300w, https:\/\/infoluro.com\/wp-content\/uploads\/2016\/11\/15135852_1140497906026899_7877466615554207635_n-1-600x588.jpg 600w, https:\/\/infoluro.com\/wp-content\/uploads\/2016\/11\/15135852_1140497906026899_7877466615554207635_n-1-768x753.jpg 768w, https:\/\/infoluro.com\/wp-content\/uploads\/2016\/11\/15135852_1140497906026899_7877466615554207635_n-1.jpg 960w\" sizes=\"(max-width: 446px) 100vw, 446px\" \/><\/p>\n<p>Postulantes a Reina:<\/p>\n<p>Brisa Ekerman, Celeste Aguilera, NIcole Al\u00e9, Martina Mu\u00f1oz, Agustina Alvarez y Sofia Maldonado.<\/p>\n<p>(foto BU-Z)<\/p>\n","protected":false},"excerpt":{"rendered":"<p>Este s\u00e1bado se realizara en el Complejo Polideportivo de Fort\u00edn Club la Fiesta del Pueblo,&#8230;<\/p>\n","protected":false},"author":2,"featured_media":2046,"comment_status":"closed","ping_status":"closed","sticky":false,"template":"","format":"standard","meta":{"footnotes":""},"categories":[12,14],"tags":[],"_links":{"self":[{"href":"https:\/\/infoluro.com\/index.php?rest_route=\/wp\/v2\/posts\/2045"}],"collection":[{"href":"https:\/\/infoluro.com\/index.php?rest_route=\/wp\/v2\/posts"}],"about":[{"href":"https:\/\/infoluro.com\/index.php?rest_route=\/wp\/v2\/types\/post"}],"author":[{"embeddable":true,"href":"https:\/\/infoluro.com\/index.php?rest_route=\/wp\/v2\/users\/2"}],"replies":[{"embeddable":true,"href":"https:\/\/infoluro.com\/index.php?rest_route=%2Fwp%2Fv2%2Fcomments&post=2045"}],"version-history":[{"count":0,"href":"https:\/\/infoluro.com\/index.php?rest_route=\/wp\/v2\/posts\/2045\/revisions"}],"wp:featuredmedia":[{"embeddable":true,"href":"https:\/\/infoluro.com\/index.php?rest_route=\/wp\/v2\/media\/2046"}],"wp:attachment":[{"href":"https:\/\/infoluro.com\/index.php?rest_route=%2Fwp%2Fv2%2Fmedia&parent=2045"}],"wp:term":[{"taxonomy":"category","embeddable":true,"href":"https:\/\/infoluro.com\/index.php?rest_route=%2Fwp%2Fv2%2Fcategories&post=2045"},{"taxonomy":"post_tag","embeddable":true,"href":"https:\/\/infoluro.com\/index.php?rest_route=%2Fwp%2Fv2%2Ftags&post=2045"}],"curies":[{"name":"wp","href":"https:\/\/api.w.org\/{rel}","templated":true}]}}