{"id":2049,"date":"2016-11-17T11:44:31","date_gmt":"2016-11-17T14:44:31","guid":{"rendered":"http:\/\/infoluro.com\/?p=2049"},"modified":"2016-11-17T11:44:31","modified_gmt":"2016-11-17T14:44:31","slug":"festival-cultural-en-pedro-luro","status":"publish","type":"post","link":"https:\/\/infoluro.com\/?p=2049","title":{"rendered":"Festival Cultural en Pedro Luro"},"content":{"rendered":"<p>En el marco de las actividades por el 103\u00b0 Aniversario de Pedro Luro, se realizar\u00e1 un nuevo Festival Cultural organizado por la Direcci\u00f3n de Cultura del Municipio. Ser\u00e1 este domingo 20, desde las 15 horas, en la Plaza Pablo Gonz\u00e1les. Al respecto esto dec\u00edan a la Zfm el Director de Cultura Julio Garc\u00eda y el Concejal Omar Stefanelli. Recordamos que el acto central se realizara a las 10hs sobre calle 5 frente a la Plaza.<\/p>\n<!--[if lt IE 9]><script>document.createElement('audio');<\/script><![endif]-->\n<audio class=\"wp-audio-shortcode\" id=\"audio-2049-1\" preload=\"none\" style=\"width: 100%;\" controls=\"controls\"><source type=\"audio\/mpeg\" src=\"https:\/\/infoluro.com\/wp-content\/uploads\/2016\/11\/GALLEGO-Y-OMAR.FIESTAPUEBLO-17112016.mp3?_=1\" \/><a href=\"https:\/\/infoluro.com\/wp-content\/uploads\/2016\/11\/GALLEGO-Y-OMAR.FIESTAPUEBLO-17112016.mp3\">https:\/\/infoluro.com\/wp-content\/uploads\/2016\/11\/GALLEGO-Y-OMAR.FIESTAPUEBLO-17112016.mp3<\/a><\/audio>\n<p><!--more--><\/p>\n<p>&nbsp;<\/p>\n<p>Show de malabares<\/p>\n<p>Taller de percusi\u00f3n y de artes pl\u00e1sticas<\/p>\n<p>Bandas y solistas de Villarino\u00a0 y la regi\u00f3n<\/p>\n<p>Danza Folcl\u00f3rica y juegos inflables<\/p>\n<p>Artesanos locales y patio de comidas<\/p>\n<p>Demostracion de la agrupaci\u00f3n de catangos en el predio del ferrocarril<\/p>\n<p>&nbsp;<\/p>\n<p>Por su parte, la Direcci\u00f3n de Turismo har\u00e1 sorteos de vouchers y productos regionales, Salud Mental brindar\u00e1 informaci\u00f3n sobre prevenci\u00f3n de adicciones, mientras que Producci\u00f3n tendr\u00e1 un stand junto a PRO Huerta donde se promocionar\u00e1n productos org\u00e1nicos.<\/p>\n<p>&nbsp;<\/p>\n<p>Adem\u00e1s, habr\u00e1 campeonato de F\u00fatbol \u2013 Tenis, Voley y Basquet a cargo del Centro de Educaci\u00f3n F\u00edsica N\u00b0 18.<\/p>\n","protected":false},"excerpt":{"rendered":"<p>En el marco de las actividades por el 103\u00b0 Aniversario de Pedro Luro, se realizar\u00e1&#8230;<\/p>\n","protected":false},"author":2,"featured_media":2053,"comment_status":"closed","ping_status":"closed","sticky":false,"template":"","format":"standard","meta":{"footnotes":""},"categories":[12,14],"tags":[],"_links":{"self":[{"href":"https:\/\/infoluro.com\/index.php?rest_route=\/wp\/v2\/posts\/2049"}],"collection":[{"href":"https:\/\/infoluro.com\/index.php?rest_route=\/wp\/v2\/posts"}],"about":[{"href":"https:\/\/infoluro.com\/index.php?rest_route=\/wp\/v2\/types\/post"}],"author":[{"embeddable":true,"href":"https:\/\/infoluro.com\/index.php?rest_route=\/wp\/v2\/users\/2"}],"replies":[{"embeddable":true,"href":"https:\/\/infoluro.com\/index.php?rest_route=%2Fwp%2Fv2%2Fcomments&post=2049"}],"version-history":[{"count":0,"href":"https:\/\/infoluro.com\/index.php?rest_route=\/wp\/v2\/posts\/2049\/revisions"}],"wp:featuredmedia":[{"embeddable":true,"href":"https:\/\/infoluro.com\/index.php?rest_route=\/wp\/v2\/media\/2053"}],"wp:attachment":[{"href":"https:\/\/infoluro.com\/index.php?rest_route=%2Fwp%2Fv2%2Fmedia&parent=2049"}],"wp:term":[{"taxonomy":"category","embeddable":true,"href":"https:\/\/infoluro.com\/index.php?rest_route=%2Fwp%2Fv2%2Fcategories&post=2049"},{"taxonomy":"post_tag","embeddable":true,"href":"https:\/\/infoluro.com\/index.php?rest_route=%2Fwp%2Fv2%2Ftags&post=2049"}],"curies":[{"name":"wp","href":"https:\/\/api.w.org\/{rel}","templated":true}]}}