{"id":2075,"date":"2016-11-20T11:47:45","date_gmt":"2016-11-20T14:47:45","guid":{"rendered":"http:\/\/infoluro.com\/?p=2075"},"modified":"2016-11-20T11:48:03","modified_gmt":"2016-11-20T14:48:03","slug":"pedro-luro-celebra-sus-103-anos","status":"publish","type":"post","link":"https:\/\/infoluro.com\/?p=2075","title":{"rendered":"Pedro Luro celebr\u00f3 sus 103 A\u00f1os"},"content":{"rendered":"<p>Este domingo por la ma\u00f1ana se realiz\u00f3 el acto central por el aniversario 103 de nuestra localidad fundada en 1913. En el lugar estuvieron presentes el Intendente Carlos Bevilacqua, el Delegado N\u00e9stor Salas, Concejales de Villarino, Instituciones y gran cantidad de vecinos que se acercaron para ser part\u00edcipes del acto y posterior desfile.<\/p>\n<!--[if lt IE 9]><script>document.createElement('audio');<\/script><![endif]-->\n<audio class=\"wp-audio-shortcode\" id=\"audio-2075-1\" preload=\"none\" style=\"width: 100%;\" controls=\"controls\"><source type=\"audio\/mpeg\" src=\"https:\/\/infoluro.com\/wp-content\/uploads\/2016\/11\/acto103a\u00f1ospedroluro.mp3?_=1\" \/><a href=\"https:\/\/infoluro.com\/wp-content\/uploads\/2016\/11\/acto103a\u00f1ospedroluro.mp3\">https:\/\/infoluro.com\/wp-content\/uploads\/2016\/11\/acto103a\u00f1ospedroluro.mp3<\/a><\/audio>\n<p><!--more--><\/p>\n<p>El vecino Alberto Bellabarba fue elegido para dirigir unas palabras a la comunidad. Con sus 86 a\u00f1os de vida agradeci\u00f3 haber nacido, crecido trabajado, formar una familia en Pedro Luro. El Intendente Carlos Bevilacqua le hizo entrega de un presente al vecino Bellebarba. Previamente se realizo un minuto de silencio por el fallecimiento de Carlos Maidana, quien fuera concejal del distrito y participe de varias instituciones.<\/p>\n<p>Durante la jornada el Intendente Bevilacqua y el delegado N\u00e9stor Salas entregaron reconocimientos los familiares de Ramona Maldonado con 105 a\u00f1os de vida es la persona m\u00e1s longeva de Pedro Luro.<\/p>\n<p>Tambi\u00e9n se entreg\u00f3 una distinci\u00f3n:<\/p>\n<p>-Coral de Pedro Luro por sus 30 a\u00f1os de labor cultural a trav\u00e9s de la m\u00fasica.<\/p>\n<p>-Mabel Monaldi, ex docente y ex bibliotecaria de la escuela Media N\u00ba1<\/p>\n<p>-Al Doctor Tami\u00a0 por su \u00a0trayectoria predisposici\u00f3n y entrega abocada a la salud<\/p>\n<p>-A la Enfermeras Yolanda\u00a0 y \u00a0Estela Maris Obazo<\/p>\n<p>-A Luisa Garc\u00eda una de las cobradoras que mas ha caminado las calles de la localidad<\/p>\n<p>-A Franco Caffaro oriundo de Pedro Luro, Integrante de los Patricios<\/p>\n<p>Para cerrar con el acto protocolar el Intendente Carlos Bevilacqua se dirigi\u00f3 al p\u00fablico:<\/p>\n<p>\u201cHoy celebramos una a\u00f1o m\u00e1s de esta localidad pujante, ese crecimiento acompa\u00f1ado por instituciones intermedia y un\u00a0 estado municipal presente y abierto al dialogo\u201d. El Intendente\u00a0 anuncio que se adquirir\u00e1 nuevos equipos de radiolog\u00eda y ecograf\u00eda; ampliaci\u00f3n del Hospital, remodelaci\u00f3n de la Comisaria. Adem\u00e1s hizo un repaso de la Obra P\u00fablica que se est\u00e1 desarrollando en la localidad y las que est\u00e1n por comenzar. \u201cQueda mucho por hacer, pero\u00a0 hemos puesto a Villarino en la agenda provincial y nacional. \u00a0El Villarino que queremos est\u00e1 en marcha\u201d agreg\u00f3 el Intendente finalizando su discurso.<\/p>\n<p><img loading=\"lazy\" decoding=\"async\" class=\"alignnone wp-image-2077\" src=\"https:\/\/infoluro.com\/wp-content\/uploads\/2016\/11\/WhatsApp-Image-2016-11-20-at-11.33.27-300x169.jpeg\" alt=\"WhatsApp Image 2016-11-20 at 11.33.27\" width=\"588\" height=\"331\" srcset=\"https:\/\/infoluro.com\/wp-content\/uploads\/2016\/11\/WhatsApp-Image-2016-11-20-at-11.33.27-300x169.jpeg 300w, https:\/\/infoluro.com\/wp-content\/uploads\/2016\/11\/WhatsApp-Image-2016-11-20-at-11.33.27-600x338.jpeg 600w, https:\/\/infoluro.com\/wp-content\/uploads\/2016\/11\/WhatsApp-Image-2016-11-20-at-11.33.27-768x432.jpeg 768w, https:\/\/infoluro.com\/wp-content\/uploads\/2016\/11\/WhatsApp-Image-2016-11-20-at-11.33.27-1024x576.jpeg 1024w, https:\/\/infoluro.com\/wp-content\/uploads\/2016\/11\/WhatsApp-Image-2016-11-20-at-11.33.27.jpeg 1032w\" sizes=\"(max-width: 588px) 100vw, 588px\" \/><\/p>\n","protected":false},"excerpt":{"rendered":"<p>Este domingo por la ma\u00f1ana se realiz\u00f3 el acto central por el aniversario 103 de&#8230;<\/p>\n","protected":false},"author":2,"featured_media":2076,"comment_status":"closed","ping_status":"closed","sticky":false,"template":"","format":"standard","meta":{"footnotes":""},"categories":[12,14],"tags":[],"_links":{"self":[{"href":"https:\/\/infoluro.com\/index.php?rest_route=\/wp\/v2\/posts\/2075"}],"collection":[{"href":"https:\/\/infoluro.com\/index.php?rest_route=\/wp\/v2\/posts"}],"about":[{"href":"https:\/\/infoluro.com\/index.php?rest_route=\/wp\/v2\/types\/post"}],"author":[{"embeddable":true,"href":"https:\/\/infoluro.com\/index.php?rest_route=\/wp\/v2\/users\/2"}],"replies":[{"embeddable":true,"href":"https:\/\/infoluro.com\/index.php?rest_route=%2Fwp%2Fv2%2Fcomments&post=2075"}],"version-history":[{"count":0,"href":"https:\/\/infoluro.com\/index.php?rest_route=\/wp\/v2\/posts\/2075\/revisions"}],"wp:featuredmedia":[{"embeddable":true,"href":"https:\/\/infoluro.com\/index.php?rest_route=\/wp\/v2\/media\/2076"}],"wp:attachment":[{"href":"https:\/\/infoluro.com\/index.php?rest_route=%2Fwp%2Fv2%2Fmedia&parent=2075"}],"wp:term":[{"taxonomy":"category","embeddable":true,"href":"https:\/\/infoluro.com\/index.php?rest_route=%2Fwp%2Fv2%2Fcategories&post=2075"},{"taxonomy":"post_tag","embeddable":true,"href":"https:\/\/infoluro.com\/index.php?rest_route=%2Fwp%2Fv2%2Ftags&post=2075"}],"curies":[{"name":"wp","href":"https:\/\/api.w.org\/{rel}","templated":true}]}}