{"id":2091,"date":"2016-11-22T11:12:32","date_gmt":"2016-11-22T14:12:32","guid":{"rendered":"http:\/\/infoluro.com\/?p=2091"},"modified":"2016-11-22T11:12:32","modified_gmt":"2016-11-22T14:12:32","slug":"tengo-un-equipo-de-gobierno-que-pone-todo-su-impetu-en-tratar-de-cambiar-las-cosas","status":"publish","type":"post","link":"https:\/\/infoluro.com\/?p=2091","title":{"rendered":"\u201cTengo un equipo de gobierno que pone todo su \u00edmpetu en tratar de cambiar las cosas\u201d"},"content":{"rendered":"<p>Tras la reuni\u00f3n realizada en Metal\u00fargica El Pato, el intendente Carlos Bevilacqua se acerc\u00f3 a los estudios de la Z fm junto al Delegado N\u00e9stor Salas comentando las sensaciones que dejo el encuentro. Por otro lado realizo un balance, pronto a cumplir su primer a\u00f1o de mandato \u00a0\u201cTengo un equipo de gobierno que pone todo su \u00edmpetu en tratar de cambiar las cosas\u201d manifest\u00f3 el intendente. Tambi\u00e9n sostuvo que contin\u00faan trabajando para incluir a Villarino dentro de la Patagonia Bonaerense y agradeci\u00f3 el apoyo del Diputado Massa en este tema y en acercar obras al distrito.<\/p>\n<!--[if lt IE 9]><script>document.createElement('audio');<\/script><![endif]-->\n<audio class=\"wp-audio-shortcode\" id=\"audio-2091-1\" preload=\"none\" style=\"width: 100%;\" controls=\"controls\"><source type=\"audio\/mpeg\" src=\"https:\/\/infoluro.com\/wp-content\/uploads\/2016\/11\/INTENDENTE-EN-LA-ZETA-22112016.mp3?_=1\" \/><a href=\"https:\/\/infoluro.com\/wp-content\/uploads\/2016\/11\/INTENDENTE-EN-LA-ZETA-22112016.mp3\">https:\/\/infoluro.com\/wp-content\/uploads\/2016\/11\/INTENDENTE-EN-LA-ZETA-22112016.mp3<\/a><\/audio>\n<p><!--more--><\/p>\n<p>Bevilacqua adelanto que para el a\u00f1o pr\u00f3ximo se dotara a Pedro Luro de nuevas maquinarias; y continuara con la segunda etapa de los desag\u00fces pluviales.<\/p>\n<p>El 2017 a\u00f1o de elecciones legislativas: \u201cMi energ\u00eda va estar en la gesti\u00f3n 100%, hay obras que queremos finalizar, es la mejor forma para que el villarinense brinde su apoyo\u201d.<\/p>\n","protected":false},"excerpt":{"rendered":"<p>Tras la reuni\u00f3n realizada en Metal\u00fargica El Pato, el intendente Carlos Bevilacqua se acerc\u00f3 a&#8230;<\/p>\n","protected":false},"author":2,"featured_media":2093,"comment_status":"closed","ping_status":"closed","sticky":false,"template":"","format":"standard","meta":{"footnotes":""},"categories":[12],"tags":[],"_links":{"self":[{"href":"https:\/\/infoluro.com\/index.php?rest_route=\/wp\/v2\/posts\/2091"}],"collection":[{"href":"https:\/\/infoluro.com\/index.php?rest_route=\/wp\/v2\/posts"}],"about":[{"href":"https:\/\/infoluro.com\/index.php?rest_route=\/wp\/v2\/types\/post"}],"author":[{"embeddable":true,"href":"https:\/\/infoluro.com\/index.php?rest_route=\/wp\/v2\/users\/2"}],"replies":[{"embeddable":true,"href":"https:\/\/infoluro.com\/index.php?rest_route=%2Fwp%2Fv2%2Fcomments&post=2091"}],"version-history":[{"count":0,"href":"https:\/\/infoluro.com\/index.php?rest_route=\/wp\/v2\/posts\/2091\/revisions"}],"wp:featuredmedia":[{"embeddable":true,"href":"https:\/\/infoluro.com\/index.php?rest_route=\/wp\/v2\/media\/2093"}],"wp:attachment":[{"href":"https:\/\/infoluro.com\/index.php?rest_route=%2Fwp%2Fv2%2Fmedia&parent=2091"}],"wp:term":[{"taxonomy":"category","embeddable":true,"href":"https:\/\/infoluro.com\/index.php?rest_route=%2Fwp%2Fv2%2Fcategories&post=2091"},{"taxonomy":"post_tag","embeddable":true,"href":"https:\/\/infoluro.com\/index.php?rest_route=%2Fwp%2Fv2%2Ftags&post=2091"}],"curies":[{"name":"wp","href":"https:\/\/api.w.org\/{rel}","templated":true}]}}