{"id":2173,"date":"2016-12-07T11:46:52","date_gmt":"2016-12-07T14:46:52","guid":{"rendered":"http:\/\/infoluro.com\/?p=2173"},"modified":"2016-12-08T12:02:29","modified_gmt":"2016-12-08T15:02:29","slug":"hemos-presentado-120-proyectos-en-el-ano-y-seguimos-trabajando-por-el-vecino","status":"publish","type":"post","link":"https:\/\/infoluro.com\/?p=2173","title":{"rendered":"\u201cHemos presentado 120 proyectos en el a\u00f1o y seguimos trabajando por el vecino\u201d"},"content":{"rendered":"<p>Los concejales del Frente Para la Victoria &#8211; PJ Fabricio Stefanelli y Fabi\u00e1n Marlia visitaron los estudios de la Zfm para exponer su punto de vista sobre varios temas que se trataron este martes en el Concejo Deliberante de Villarino. \u201cTratamos de hacer el trabajo de oposici\u00f3n pero constructivamente, aportar cosas que fueron tenidas en cuenta\u201d sostuvo Stefanelli respecto a la media sanci\u00f3n de la Fisca-Impositiva aprobada ayer en el HCD de Villarino. Por su parte Marlia mostro satisfacci\u00f3n a la aprobaci\u00f3n del Proyecto presentado por su bloque de tenencia responsable de mascotas. \u201cEl objetivo es disminuir el n\u00famero de animales en la calle y todo las problem\u00e1ticas que deriva de eso\u201d.<\/p>\n<!--[if lt IE 9]><script>document.createElement('audio');<\/script><![endif]-->\n<audio class=\"wp-audio-shortcode\" id=\"audio-2173-1\" preload=\"none\" style=\"width: 100%;\" controls=\"controls\"><source type=\"audio\/mpeg\" src=\"https:\/\/infoluro.com\/wp-content\/uploads\/2016\/12\/FABIAN-Y-FABRICIO-07122016.mp3?_=1\" \/><a href=\"https:\/\/infoluro.com\/wp-content\/uploads\/2016\/12\/FABIAN-Y-FABRICIO-07122016.mp3\">https:\/\/infoluro.com\/wp-content\/uploads\/2016\/12\/FABIAN-Y-FABRICIO-07122016.mp3<\/a><\/audio>\n<p><!--more--><\/p>\n<p>Otra de las quejas de muchos vecinos en este tiempo es el precio de la entrada a La Salada: \u201cla idea fue presentar un proyecto, que se aprob\u00f3 por unanimidad, lo que nos da la pauta de que el problema existe. Hay un rol en el ejecutivo para dotar a La Salada y entenderla como una sub delegaci\u00f3n. En estos d\u00edas mantendremos la reuni\u00f3n junto a la sociedad de fomento\u201d. Sostuvo el Concejal Stefanelli.<\/p>\n<p>\u201c$40 es caro, hay mucha gente que no puede entrar. Cuando la comisi\u00f3n se queda sin fondo deber\u00eda el municipio debe ser quien la subsidie. El problema tiene varios actores, por un lado el vecino que pretende que la entrada sea de $40 o m\u00e1s; pero tenes el comerciante que vive de la gente que all\u00ed concurre\u201d agreg\u00f3 Marlia.<\/p>\n","protected":false},"excerpt":{"rendered":"<p>Los concejales del Frente Para la Victoria &#8211; PJ Fabricio Stefanelli y Fabi\u00e1n Marlia visitaron&#8230;<\/p>\n","protected":false},"author":2,"featured_media":2175,"comment_status":"closed","ping_status":"closed","sticky":false,"template":"","format":"standard","meta":{"footnotes":""},"categories":[12,3],"tags":[],"_links":{"self":[{"href":"https:\/\/infoluro.com\/index.php?rest_route=\/wp\/v2\/posts\/2173"}],"collection":[{"href":"https:\/\/infoluro.com\/index.php?rest_route=\/wp\/v2\/posts"}],"about":[{"href":"https:\/\/infoluro.com\/index.php?rest_route=\/wp\/v2\/types\/post"}],"author":[{"embeddable":true,"href":"https:\/\/infoluro.com\/index.php?rest_route=\/wp\/v2\/users\/2"}],"replies":[{"embeddable":true,"href":"https:\/\/infoluro.com\/index.php?rest_route=%2Fwp%2Fv2%2Fcomments&post=2173"}],"version-history":[{"count":0,"href":"https:\/\/infoluro.com\/index.php?rest_route=\/wp\/v2\/posts\/2173\/revisions"}],"wp:featuredmedia":[{"embeddable":true,"href":"https:\/\/infoluro.com\/index.php?rest_route=\/wp\/v2\/media\/2175"}],"wp:attachment":[{"href":"https:\/\/infoluro.com\/index.php?rest_route=%2Fwp%2Fv2%2Fmedia&parent=2173"}],"wp:term":[{"taxonomy":"category","embeddable":true,"href":"https:\/\/infoluro.com\/index.php?rest_route=%2Fwp%2Fv2%2Fcategories&post=2173"},{"taxonomy":"post_tag","embeddable":true,"href":"https:\/\/infoluro.com\/index.php?rest_route=%2Fwp%2Fv2%2Ftags&post=2173"}],"curies":[{"name":"wp","href":"https:\/\/api.w.org\/{rel}","templated":true}]}}