{"id":22126,"date":"2023-03-02T12:03:17","date_gmt":"2023-03-02T15:03:17","guid":{"rendered":"http:\/\/infoluro.com\/?p=22126"},"modified":"2023-03-02T12:03:40","modified_gmt":"2023-03-02T15:03:40","slug":"solo-pedimos-que-se-nos-envie-lo-que-corresponde","status":"publish","type":"post","link":"https:\/\/infoluro.com\/?p=22126","title":{"rendered":"Bevilacqua: \u201cSolo pedimos que se nos env\u00ede lo que corresponde\u201d"},"content":{"rendered":"\n<p>En el marco de una entrevista que brind\u00f3 luego de la apertura de las sesiones ordinarias, el intendente coment\u00f3 que \u201chemos hecho el reclamo correspondiente al gobernador Axel Kicillof, vamos a utilizar todos los medios para defender los derechos de los villarinenses\u201d. Bevilacqua explic\u00f3 que \u201cten\u00edamos proyectado que la Provincia en 2023 nos iba a dar 3.650 millones de pesos anuales para cubrir los gastos b\u00e1sicos, o sea 300 millones de pesos mensuales. <\/p>\n\n\n\n<p>Actualmente estamos recibiendo 220 millones, lo que supone una reducci\u00f3n muy grande que se mantiene mes a mes.\u201d\u201cQueremos que el gobierno provincial tome conciencia y revea esta decisi\u00f3n. Desconozco el motivo de por qu\u00e9 la tomaron. Esto no afecta solamente a Villarino, sino tambi\u00e9n a Necochea, Chivilcoy y Salliquel\u00f3, entre otros municipios. <\/p>\n\n\n\n<p>Mientras que a nosotros no nos han dado respuesta alguna, en otros distritos ya les ha llegado el dinero correspondiente y se han hecho compensaciones\u201d, sostuvo. El jefe comunal le pidi\u00f3 a los vecinos y vecinas que tengan tranquilidad, \u201cya que como intendente tengo la plena convicci\u00f3n y compromiso, junto al equipo que me respalda, que trabajaremos al 100% para solucionar esta situaci\u00f3n. Nosotros solo pedimos que se nos env\u00ede lo que nos corresponde por ley\u201d.<\/p>\n","protected":false},"excerpt":{"rendered":"<p>En el marco de una entrevista que brind\u00f3 luego de la apertura de las sesiones&#8230;<\/p>\n","protected":false},"author":2,"featured_media":22127,"comment_status":"closed","ping_status":"closed","sticky":false,"template":"","format":"standard","meta":{"footnotes":""},"categories":[12],"tags":[],"_links":{"self":[{"href":"https:\/\/infoluro.com\/index.php?rest_route=\/wp\/v2\/posts\/22126"}],"collection":[{"href":"https:\/\/infoluro.com\/index.php?rest_route=\/wp\/v2\/posts"}],"about":[{"href":"https:\/\/infoluro.com\/index.php?rest_route=\/wp\/v2\/types\/post"}],"author":[{"embeddable":true,"href":"https:\/\/infoluro.com\/index.php?rest_route=\/wp\/v2\/users\/2"}],"replies":[{"embeddable":true,"href":"https:\/\/infoluro.com\/index.php?rest_route=%2Fwp%2Fv2%2Fcomments&post=22126"}],"version-history":[{"count":2,"href":"https:\/\/infoluro.com\/index.php?rest_route=\/wp\/v2\/posts\/22126\/revisions"}],"predecessor-version":[{"id":22129,"href":"https:\/\/infoluro.com\/index.php?rest_route=\/wp\/v2\/posts\/22126\/revisions\/22129"}],"wp:featuredmedia":[{"embeddable":true,"href":"https:\/\/infoluro.com\/index.php?rest_route=\/wp\/v2\/media\/22127"}],"wp:attachment":[{"href":"https:\/\/infoluro.com\/index.php?rest_route=%2Fwp%2Fv2%2Fmedia&parent=22126"}],"wp:term":[{"taxonomy":"category","embeddable":true,"href":"https:\/\/infoluro.com\/index.php?rest_route=%2Fwp%2Fv2%2Fcategories&post=22126"},{"taxonomy":"post_tag","embeddable":true,"href":"https:\/\/infoluro.com\/index.php?rest_route=%2Fwp%2Fv2%2Ftags&post=22126"}],"curies":[{"name":"wp","href":"https:\/\/api.w.org\/{rel}","templated":true}]}}