{"id":22131,"date":"2023-03-12T12:46:52","date_gmt":"2023-03-12T15:46:52","guid":{"rendered":"http:\/\/infoluro.com\/?p=22131"},"modified":"2023-03-12T12:51:46","modified_gmt":"2023-03-12T15:51:46","slug":"intendentes-radicales-le-piden-a-kicillof-que-el-reparto-de-la-cooparticipacion-sea-mas-justo","status":"publish","type":"post","link":"https:\/\/infoluro.com\/?p=22131","title":{"rendered":"Intendentes radicales le piden a Kicillof, que el reparto de la cooparticipacion sea &#8220;m\u00e1s justo&#8221;"},"content":{"rendered":"\n<p>El Foro de alcaldes boina blanca le envi\u00f3 una carta a Kicillof. Piden una mesa t\u00e9cnica para analizar un sistema m\u00e1s justo para el reparto de los fondos a los municipios, integrada, adem\u00e1s, por los ministros de Salud y Econom\u00eda. <\/p>\n\n\n\n<p>El Foro de Intendentes Radicales envi\u00f3 una carta al gobernador Axel Kicillof, solicit\u00e1ndole que convoque, con la mayor celeridad posible, a una mesa t\u00e9cnica para analizar y discutir el reparto de fondos en el territorio bonaerense.<\/p>\n\n\n\n<p>Tras el reclamo escenificado el lunes por el alcalde PRO de Tres de Febrero, Diego Valenzuela, en cuanto a que 134 municipios se perjudicaron por las irregularidades del censo 2010 -aseguran que dieron fondos extra a La Matanza-, los radicales esperan que Kicillof pueda hacer alguna referencia al tema, y a la mesa t\u00e9cnica, en su discurso de inauguraci\u00f3n de sesiones de la Legislatura.<\/p>\n\n\n\n<p>Seg\u00fan lo decidido tras la reuni\u00f3n que mantuvieron en Rauch, los jefes comunales boina blanca consideran que \u201clos cambios en las variables sanitarias previas y, sobre todo, post pandemia, conjuntamente con los significativos desaf\u00edos en materia de infraestructura hospitalaria y en el rendimiento de los sistemas de salud, hacen que sea indispensable abordar el tema con absoluta responsabilidad y seriedad\u201d.<\/p>\n\n\n\n<p>\u201cLos municipios han tenido que garantizar la transparencia en la informaci\u00f3n transmitida por los efectores de salud al Ministerio de Salud, con su correspondiente auditor\u00eda y control, y cumplir est\u00e1ndares de calidad y categorizaci\u00f3n de establecimientos, todo lo cual ha impactado notablemente en los gobiernos locales\u201d, explicaron.<\/p>\n\n\n\n<p>En tal sentido, se\u00f1alaron que \u201clas distintas fuentes simult\u00e1neas de financiamiento para iguales fines, la definici\u00f3n de nuevos indicadores sanitarios orientados a la prevenci\u00f3n y promoci\u00f3n de la salud, entre otros tantos temas que es preciso clarificar en una mesa de di\u00e1logo y trabajo conjunto\u201d.<\/p>\n\n\n\n<p>En su misiva, consideraron que, adem\u00e1s de los intendentes y el Gobernador, deber\u00edan sentarse a la mesa de las negociaciones los ministros de Salud y Econom\u00eda, Nicol\u00e1s Kreplak y Pablo L\u00f3pez, respectivamente, que puedan proponer a los legisladores modificaciones del sistema que actualmente determina el Coeficiente \u00danico de Distribuci\u00f3n (CUD).<\/p>\n\n\n\n<p>Los intendentes del radicalismo consideran, adem\u00e1s, que \u201ces imperioso incluir en el debate las variables poblacionales derivadas del Censo 2022, que determinan el factor individual m\u00e1s importante de todos los que distribuyen recursos; y, m\u00e1s a\u00fan, proponer alternativas superadoras, que fomenten y garanticen niveles mayores de autonom\u00eda municipal, para que los gobiernos locales atiendan de manera m\u00e1s eficaz la demanda de sus vecinos\u201d.<\/p>\n\n\n\n<p>fuente: La Tecla <\/p>\n","protected":false},"excerpt":{"rendered":"<p>El Foro de alcaldes boina blanca le envi\u00f3 una carta a Kicillof. Piden una mesa&#8230;<\/p>\n","protected":false},"author":2,"featured_media":22132,"comment_status":"closed","ping_status":"closed","sticky":false,"template":"","format":"standard","meta":{"footnotes":""},"categories":[12],"tags":[],"_links":{"self":[{"href":"https:\/\/infoluro.com\/index.php?rest_route=\/wp\/v2\/posts\/22131"}],"collection":[{"href":"https:\/\/infoluro.com\/index.php?rest_route=\/wp\/v2\/posts"}],"about":[{"href":"https:\/\/infoluro.com\/index.php?rest_route=\/wp\/v2\/types\/post"}],"author":[{"embeddable":true,"href":"https:\/\/infoluro.com\/index.php?rest_route=\/wp\/v2\/users\/2"}],"replies":[{"embeddable":true,"href":"https:\/\/infoluro.com\/index.php?rest_route=%2Fwp%2Fv2%2Fcomments&post=22131"}],"version-history":[{"count":2,"href":"https:\/\/infoluro.com\/index.php?rest_route=\/wp\/v2\/posts\/22131\/revisions"}],"predecessor-version":[{"id":22134,"href":"https:\/\/infoluro.com\/index.php?rest_route=\/wp\/v2\/posts\/22131\/revisions\/22134"}],"wp:featuredmedia":[{"embeddable":true,"href":"https:\/\/infoluro.com\/index.php?rest_route=\/wp\/v2\/media\/22132"}],"wp:attachment":[{"href":"https:\/\/infoluro.com\/index.php?rest_route=%2Fwp%2Fv2%2Fmedia&parent=22131"}],"wp:term":[{"taxonomy":"category","embeddable":true,"href":"https:\/\/infoluro.com\/index.php?rest_route=%2Fwp%2Fv2%2Fcategories&post=22131"},{"taxonomy":"post_tag","embeddable":true,"href":"https:\/\/infoluro.com\/index.php?rest_route=%2Fwp%2Fv2%2Ftags&post=22131"}],"curies":[{"name":"wp","href":"https:\/\/api.w.org\/{rel}","templated":true}]}}