{"id":22164,"date":"2023-03-15T09:41:53","date_gmt":"2023-03-15T12:41:53","guid":{"rendered":"http:\/\/infoluro.com\/?p=22164"},"modified":"2023-03-15T09:41:57","modified_gmt":"2023-03-15T12:41:57","slug":"integracion-vecinalista-avanza-libertad-y-un-nuevo-ano-en-la-feria-disfruta-bahia","status":"publish","type":"post","link":"https:\/\/infoluro.com\/?p=22164","title":{"rendered":"Integraci\u00f3n Vecinalista Avanza Libertad y un nuevo a\u00f1o en la feria Disfruta Bah\u00eda"},"content":{"rendered":"\n<p>Emprendedores de Villarino dijeron presente en la primera edici\u00f3n 2023 de la Feria Disfruta Bah\u00eda, que se realiz\u00f3 el pasado domingo en el Parque de Mayo. A trav\u00e9s de las gestiones de Juan Cruz Vidal, titular del espacio Integraci\u00f3n Vecinalista Avanza Libertad, se logro dar continuidad a la presencia de vecinos de todas las localidades del distrito ofreciendo diversos productos. Con un abanico de rubros cada vez mas amplio, esta feria tendr\u00e1 continuidad el primer fin de semana de abril, donde ya han confirmado la presencia los 20 feriantes que tomaron parte de esta primera fecha. Vidal y la coordinadora Lorena Silvetti, visitaron los estudios de la Zfm y esto manifestaban sobre el evento y actualidad pol\u00edtica del espacio.<\/p>\n\n\n\n<figure class=\"wp-block-audio\"><audio controls src=\"https:\/\/infoluro.com\/wp-content\/uploads\/2023\/03\/JUANCRUZLORENAFERIA15032023.mp3\"><\/audio><\/figure>\n\n\n\n<figure class=\"wp-block-image size-large\"><img loading=\"lazy\" decoding=\"async\" width=\"1024\" height=\"524\" src=\"https:\/\/infoluro.com\/wp-content\/uploads\/2023\/03\/WhatsApp-Image-2023-03-15-at-09.20.34-1024x524.jpeg\" alt=\"\" class=\"wp-image-22160\" srcset=\"https:\/\/infoluro.com\/wp-content\/uploads\/2023\/03\/WhatsApp-Image-2023-03-15-at-09.20.34-1024x524.jpeg 1024w, https:\/\/infoluro.com\/wp-content\/uploads\/2023\/03\/WhatsApp-Image-2023-03-15-at-09.20.34-300x154.jpeg 300w, https:\/\/infoluro.com\/wp-content\/uploads\/2023\/03\/WhatsApp-Image-2023-03-15-at-09.20.34-768x393.jpeg 768w, https:\/\/infoluro.com\/wp-content\/uploads\/2023\/03\/WhatsApp-Image-2023-03-15-at-09.20.34-820x420.jpeg 820w, https:\/\/infoluro.com\/wp-content\/uploads\/2023\/03\/WhatsApp-Image-2023-03-15-at-09.20.34-640x328.jpeg 640w, https:\/\/infoluro.com\/wp-content\/uploads\/2023\/03\/WhatsApp-Image-2023-03-15-at-09.20.34-681x349.jpeg 681w, https:\/\/infoluro.com\/wp-content\/uploads\/2023\/03\/WhatsApp-Image-2023-03-15-at-09.20.34-600x307.jpeg 600w, https:\/\/infoluro.com\/wp-content\/uploads\/2023\/03\/WhatsApp-Image-2023-03-15-at-09.20.34.jpeg 1486w\" sizes=\"(max-width: 1024px) 100vw, 1024px\" \/><\/figure>\n","protected":false},"excerpt":{"rendered":"<p>Emprendedores de Villarino dijeron presente en la primera edici\u00f3n 2023 de la Feria Disfruta Bah\u00eda,&#8230;<\/p>\n","protected":false},"author":2,"featured_media":22159,"comment_status":"closed","ping_status":"closed","sticky":false,"template":"","format":"standard","meta":{"footnotes":""},"categories":[12],"tags":[],"_links":{"self":[{"href":"https:\/\/infoluro.com\/index.php?rest_route=\/wp\/v2\/posts\/22164"}],"collection":[{"href":"https:\/\/infoluro.com\/index.php?rest_route=\/wp\/v2\/posts"}],"about":[{"href":"https:\/\/infoluro.com\/index.php?rest_route=\/wp\/v2\/types\/post"}],"author":[{"embeddable":true,"href":"https:\/\/infoluro.com\/index.php?rest_route=\/wp\/v2\/users\/2"}],"replies":[{"embeddable":true,"href":"https:\/\/infoluro.com\/index.php?rest_route=%2Fwp%2Fv2%2Fcomments&post=22164"}],"version-history":[{"count":1,"href":"https:\/\/infoluro.com\/index.php?rest_route=\/wp\/v2\/posts\/22164\/revisions"}],"predecessor-version":[{"id":22165,"href":"https:\/\/infoluro.com\/index.php?rest_route=\/wp\/v2\/posts\/22164\/revisions\/22165"}],"wp:featuredmedia":[{"embeddable":true,"href":"https:\/\/infoluro.com\/index.php?rest_route=\/wp\/v2\/media\/22159"}],"wp:attachment":[{"href":"https:\/\/infoluro.com\/index.php?rest_route=%2Fwp%2Fv2%2Fmedia&parent=22164"}],"wp:term":[{"taxonomy":"category","embeddable":true,"href":"https:\/\/infoluro.com\/index.php?rest_route=%2Fwp%2Fv2%2Fcategories&post=22164"},{"taxonomy":"post_tag","embeddable":true,"href":"https:\/\/infoluro.com\/index.php?rest_route=%2Fwp%2Fv2%2Ftags&post=22164"}],"curies":[{"name":"wp","href":"https:\/\/api.w.org\/{rel}","templated":true}]}}