{"id":2235,"date":"2016-12-15T09:02:48","date_gmt":"2016-12-15T12:02:48","guid":{"rendered":"http:\/\/infoluro.com\/?p=2235"},"modified":"2016-12-15T09:03:15","modified_gmt":"2016-12-15T12:03:15","slug":"el-fuego-en-villarino-esta-totalmente-controlado-pero-no-extinto","status":"publish","type":"post","link":"https:\/\/infoluro.com\/?p=2235","title":{"rendered":"\u201cEl fuego en Villarino est\u00e1 totalmente controlado, pero no extinto\u201d"},"content":{"rendered":"<p>El Subsecretario de Protecci\u00f3n Ciudadana Martin Pacheco manifest\u00f3 en la Zfm\u00a0 que el fuego en Algarrobo est\u00e1 controlado; varias dotaciones se encuentran recorriendo el lugar haciendo guardia de ceniza para evitar que se reaviven las llamas. Se estima que unas 38.000 hect\u00e1reas han sufrido los da\u00f1os a causa de los incendios. El fuego contin\u00faa activo en el l\u00edmite de Villarino con La Pampa. El Intendente Bevilacqua puso la colaboraci\u00f3n posible para trabajar en ese sector y evitar que el fuego vuelva al distrito.<\/p>\n<!--[if lt IE 9]><script>document.createElement('audio');<\/script><![endif]-->\n<audio class=\"wp-audio-shortcode\" id=\"audio-2235-1\" preload=\"none\" style=\"width: 100%;\" controls=\"controls\"><source type=\"audio\/mpeg\" src=\"https:\/\/infoluro.com\/wp-content\/uploads\/2016\/12\/PACHECO-FUEGO-15122016.mp3?_=1\" \/><a href=\"https:\/\/infoluro.com\/wp-content\/uploads\/2016\/12\/PACHECO-FUEGO-15122016.mp3\">https:\/\/infoluro.com\/wp-content\/uploads\/2016\/12\/PACHECO-FUEGO-15122016.mp3<\/a><\/audio>\n<p><!--more--><\/p>\n<p><img loading=\"lazy\" decoding=\"async\" class=\"alignnone wp-image-2238\" src=\"https:\/\/infoluro.com\/wp-content\/uploads\/2016\/12\/WhatsApp-Image-2016-12-15-at-08.43.37-1-169x300.jpeg\" alt=\"WhatsApp Image 2016-12-15 at 08.43.37 (1)\" width=\"296\" height=\"525\" srcset=\"https:\/\/infoluro.com\/wp-content\/uploads\/2016\/12\/WhatsApp-Image-2016-12-15-at-08.43.37-1-169x300.jpeg 169w, https:\/\/infoluro.com\/wp-content\/uploads\/2016\/12\/WhatsApp-Image-2016-12-15-at-08.43.37-1-600x1067.jpeg 600w, https:\/\/infoluro.com\/wp-content\/uploads\/2016\/12\/WhatsApp-Image-2016-12-15-at-08.43.37-1-576x1024.jpeg 576w, https:\/\/infoluro.com\/wp-content\/uploads\/2016\/12\/WhatsApp-Image-2016-12-15-at-08.43.37-1.jpeg 720w\" sizes=\"(max-width: 296px) 100vw, 296px\" \/><\/p>\n","protected":false},"excerpt":{"rendered":"<p>El Subsecretario de Protecci\u00f3n Ciudadana Martin Pacheco manifest\u00f3 en la Zfm\u00a0 que el fuego en&#8230;<\/p>\n","protected":false},"author":2,"featured_media":2237,"comment_status":"closed","ping_status":"closed","sticky":false,"template":"","format":"standard","meta":{"footnotes":""},"categories":[12],"tags":[],"_links":{"self":[{"href":"https:\/\/infoluro.com\/index.php?rest_route=\/wp\/v2\/posts\/2235"}],"collection":[{"href":"https:\/\/infoluro.com\/index.php?rest_route=\/wp\/v2\/posts"}],"about":[{"href":"https:\/\/infoluro.com\/index.php?rest_route=\/wp\/v2\/types\/post"}],"author":[{"embeddable":true,"href":"https:\/\/infoluro.com\/index.php?rest_route=\/wp\/v2\/users\/2"}],"replies":[{"embeddable":true,"href":"https:\/\/infoluro.com\/index.php?rest_route=%2Fwp%2Fv2%2Fcomments&post=2235"}],"version-history":[{"count":0,"href":"https:\/\/infoluro.com\/index.php?rest_route=\/wp\/v2\/posts\/2235\/revisions"}],"wp:featuredmedia":[{"embeddable":true,"href":"https:\/\/infoluro.com\/index.php?rest_route=\/wp\/v2\/media\/2237"}],"wp:attachment":[{"href":"https:\/\/infoluro.com\/index.php?rest_route=%2Fwp%2Fv2%2Fmedia&parent=2235"}],"wp:term":[{"taxonomy":"category","embeddable":true,"href":"https:\/\/infoluro.com\/index.php?rest_route=%2Fwp%2Fv2%2Fcategories&post=2235"},{"taxonomy":"post_tag","embeddable":true,"href":"https:\/\/infoluro.com\/index.php?rest_route=%2Fwp%2Fv2%2Ftags&post=2235"}],"curies":[{"name":"wp","href":"https:\/\/api.w.org\/{rel}","templated":true}]}}