{"id":2335,"date":"2017-01-03T14:10:29","date_gmt":"2017-01-03T17:10:29","guid":{"rendered":"http:\/\/infoluro.com\/?p=2335"},"modified":"2017-01-03T14:10:29","modified_gmt":"2017-01-03T17:10:29","slug":"continuan-fuertemente-los-incendios-en-los-limites-de-villarino","status":"publish","type":"post","link":"https:\/\/infoluro.com\/?p=2335","title":{"rendered":"Contin\u00faan fuertemente los incendios en los l\u00edmites de Villarino"},"content":{"rendered":"<p>En di\u00e1logo con el Sub Secretario de Protecci\u00f3n Ciudadana, Martin Pacheco, coment\u00f3 la dura situaci\u00f3n que est\u00e1 viviendo La Pampa y Patagones donde est\u00e1 el peligro latente de que el fuego cruce en los l\u00edmites de Villarino, el funcionario destaco el profesionalismo y compromiso de los Bomberos Voluntarios del distrito que desde hace varios d\u00edas trabajan en campos del distrito y distritos vecinos.<\/p>\n<!--[if lt IE 9]><script>document.createElement('audio');<\/script><![endif]-->\n<audio class=\"wp-audio-shortcode\" id=\"audio-2335-1\" preload=\"none\" style=\"width: 100%;\" controls=\"controls\"><source type=\"audio\/mpeg\" src=\"https:\/\/infoluro.com\/wp-content\/uploads\/2017\/01\/PACHECO.FUEGO-03012016.mp3?_=1\" \/><a href=\"https:\/\/infoluro.com\/wp-content\/uploads\/2017\/01\/PACHECO.FUEGO-03012016.mp3\">https:\/\/infoluro.com\/wp-content\/uploads\/2017\/01\/PACHECO.FUEGO-03012016.mp3<\/a><\/audio>\n<p><!--more--><\/p>\n<p>Moment\u00e1neamente el fuego en Villarino est\u00e1 controlado pero hay guardias constantes que monitorean el fuego cercano a tierras villarinenses, los Bomberos est\u00e1n muy desgastados por el trabajo incansable de estos d\u00edas, finalizo Pacheco.<\/p>\n<p>Adem\u00e1s el funcionario coment\u00f3 que en conjunto con el Director de Defensa Civil, Mario Vidal, y bomberos de los cuarteles de partido de Villarino se reunieron con las autoridades del batall\u00f3n de comunicaciones 181 con el objetivo de que los especialistas del batall\u00f3n analicen la situaci\u00f3n del distrito y brinden un informe t\u00e9cnico. Adem\u00e1s se inform\u00f3 que dos equipos de comunicaciones con la m\u00e1s alta tecnolog\u00eda ser\u00e1n enviados de inmediato en caso de ser requeridos por el municipio.<\/p>\n","protected":false},"excerpt":{"rendered":"<p>En di\u00e1logo con el Sub Secretario de Protecci\u00f3n Ciudadana, Martin Pacheco, coment\u00f3 la dura situaci\u00f3n&#8230;<\/p>\n","protected":false},"author":2,"featured_media":2337,"comment_status":"closed","ping_status":"closed","sticky":false,"template":"","format":"standard","meta":{"footnotes":""},"categories":[12],"tags":[],"_links":{"self":[{"href":"https:\/\/infoluro.com\/index.php?rest_route=\/wp\/v2\/posts\/2335"}],"collection":[{"href":"https:\/\/infoluro.com\/index.php?rest_route=\/wp\/v2\/posts"}],"about":[{"href":"https:\/\/infoluro.com\/index.php?rest_route=\/wp\/v2\/types\/post"}],"author":[{"embeddable":true,"href":"https:\/\/infoluro.com\/index.php?rest_route=\/wp\/v2\/users\/2"}],"replies":[{"embeddable":true,"href":"https:\/\/infoluro.com\/index.php?rest_route=%2Fwp%2Fv2%2Fcomments&post=2335"}],"version-history":[{"count":0,"href":"https:\/\/infoluro.com\/index.php?rest_route=\/wp\/v2\/posts\/2335\/revisions"}],"wp:featuredmedia":[{"embeddable":true,"href":"https:\/\/infoluro.com\/index.php?rest_route=\/wp\/v2\/media\/2337"}],"wp:attachment":[{"href":"https:\/\/infoluro.com\/index.php?rest_route=%2Fwp%2Fv2%2Fmedia&parent=2335"}],"wp:term":[{"taxonomy":"category","embeddable":true,"href":"https:\/\/infoluro.com\/index.php?rest_route=%2Fwp%2Fv2%2Fcategories&post=2335"},{"taxonomy":"post_tag","embeddable":true,"href":"https:\/\/infoluro.com\/index.php?rest_route=%2Fwp%2Fv2%2Ftags&post=2335"}],"curies":[{"name":"wp","href":"https:\/\/api.w.org\/{rel}","templated":true}]}}