{"id":2343,"date":"2017-01-05T09:41:08","date_gmt":"2017-01-05T12:41:08","guid":{"rendered":"http:\/\/infoluro.com\/?p=2343"},"modified":"2017-01-05T09:55:41","modified_gmt":"2017-01-05T12:55:41","slug":"el-ministro-ritondo-esta-llegando-a-villarino","status":"publish","type":"post","link":"https:\/\/infoluro.com\/?p=2343","title":{"rendered":"Los Ministros Ritondo y Bergman est\u00e1n llegando a Villarino"},"content":{"rendered":"<p style=\"text-align: justify; line-height: 19.45pt; background: #F9F9F9;\"><span style=\"font-size: 11.0pt; font-family: 'Arial','sans-serif'; color: black;\">El Ministro\u00a0de Seguridad de la Provincia de Buenos Aires, Cristian Ritondo y Ministro de Medio Ambiente y Desarrollo Sustentable de la Naci\u00f3n, Rabino Sergio Bergman est\u00e1n llegando a las 10:30 hs a Villarino, espec\u00edficamente en la localidad de Algarrobo, una de las m\u00e1s afectadas por el fuego en el distrito. La visita de los funcionarios tiene como objetivo\u00a0interiorizarse acerca de la dram\u00e1tica situaci\u00f3n que se ha vivido en nuestra regi\u00f3n durante los \u00faltimos d\u00edas tras los incendios.<\/span><!--more--><\/p>\n<p style=\"text-align: justify; line-height: 19.45pt; background: #F9F9F9;\"><span style=\"font-size: 11.0pt; font-family: 'Arial','sans-serif'; color: black;\">La medida se habr\u00eda tomado a \u00faltima hora de anoche, mi\u00e9rcoles, y -seg\u00fan medios regionales-\u00a0Ritondo estar\u00eda brindando una conferencia de prensa que, se especulaba,\u00a0se realizar\u00e1 en las instalaciones del Club Juventud Unida. Se espera que all\u00ed anuncie medidas para paliar las dram\u00e1ticas consecuencias luego del accionar del fuego. .<\/span><\/p>\n<p style=\"text-align: justify; line-height: 19.45pt; background: #F9F9F9; orphans: auto; widows: 1; -webkit-text-stroke-width: 0px; word-spacing: 0px;\"><span style=\"font-size: 11.0pt; font-family: 'Arial','sans-serif'; color: black;\">Durante los \u00faltimos d\u00edas, y en la medida que la situaci\u00f3n generada por los fuegos se tornaba m\u00e1s conflictiva, parte de la ciudadan\u00eda mostraba -v\u00eda redes sociales- su disconformidad por el accionar del\u00a0Gobierno\u00a0tanto Provincial\u00a0como Nacional, por su falta de respuesta.<\/span><\/p>\n<p style=\"text-align: justify; line-height: 19.45pt; background: #F9F9F9;\"><span style=\"font-size: 11.0pt; font-family: 'Arial','sans-serif'; color: black;\">Fuente: Radio Villarino y La Zeta FM.<\/span><\/p>\n","protected":false},"excerpt":{"rendered":"<p>El Ministro\u00a0de Seguridad de la Provincia de Buenos Aires, Cristian Ritondo y Ministro de Medio&#8230;<\/p>\n","protected":false},"author":2,"featured_media":2347,"comment_status":"closed","ping_status":"closed","sticky":false,"template":"","format":"standard","meta":{"footnotes":""},"categories":[12,4],"tags":[],"_links":{"self":[{"href":"https:\/\/infoluro.com\/index.php?rest_route=\/wp\/v2\/posts\/2343"}],"collection":[{"href":"https:\/\/infoluro.com\/index.php?rest_route=\/wp\/v2\/posts"}],"about":[{"href":"https:\/\/infoluro.com\/index.php?rest_route=\/wp\/v2\/types\/post"}],"author":[{"embeddable":true,"href":"https:\/\/infoluro.com\/index.php?rest_route=\/wp\/v2\/users\/2"}],"replies":[{"embeddable":true,"href":"https:\/\/infoluro.com\/index.php?rest_route=%2Fwp%2Fv2%2Fcomments&post=2343"}],"version-history":[{"count":0,"href":"https:\/\/infoluro.com\/index.php?rest_route=\/wp\/v2\/posts\/2343\/revisions"}],"wp:featuredmedia":[{"embeddable":true,"href":"https:\/\/infoluro.com\/index.php?rest_route=\/wp\/v2\/media\/2347"}],"wp:attachment":[{"href":"https:\/\/infoluro.com\/index.php?rest_route=%2Fwp%2Fv2%2Fmedia&parent=2343"}],"wp:term":[{"taxonomy":"category","embeddable":true,"href":"https:\/\/infoluro.com\/index.php?rest_route=%2Fwp%2Fv2%2Fcategories&post=2343"},{"taxonomy":"post_tag","embeddable":true,"href":"https:\/\/infoluro.com\/index.php?rest_route=%2Fwp%2Fv2%2Ftags&post=2343"}],"curies":[{"name":"wp","href":"https:\/\/api.w.org\/{rel}","templated":true}]}}