{"id":2364,"date":"2017-01-12T10:05:10","date_gmt":"2017-01-12T13:05:10","guid":{"rendered":"http:\/\/infoluro.com\/?p=2364"},"modified":"2017-01-12T10:05:10","modified_gmt":"2017-01-12T13:05:10","slug":"fuego-en-villarino-se-siguen-combatiendo-las-llamas-en-el-km-741-de-la-ruta-3","status":"publish","type":"post","link":"https:\/\/infoluro.com\/?p=2364","title":{"rendered":"Fuego en Villarino: se siguen combatiendo las llamas en el Km 741 de la Ruta 3"},"content":{"rendered":"<p>Contin\u00faan el trabajo de los bomberos de Villarino sobre el kil\u00f3metro 741 de la Ruta Nacional N\u00ba3 en inmediaciones al ingreso hacia Cabeza de Buey. El martes el humo a causa del fuego obligo a cortar la ruta; el foco parec\u00eda controlado; se iba quemando el monte para el lado de la costa, pero la rotaci\u00f3n del viento con fuertes r\u00e1fagas hizo reactivar el incendio con direcci\u00f3n hacia la ruta nuevamente lo que obligo a un nuevo corte al tr\u00e1nsito en el d\u00eda de ayer. Seg\u00fan inform\u00f3 el Subsecretario de Protecci\u00f3n Ciudadana Martin Pacheco, se trabaj\u00f3 con maquinaria reforzando una \u00a0picada en un campo lindero a la Ruta Nacional N\u00ba 3, pero una \u00a0braza que salto la picada ha generado un nuevo incendio y all\u00ed se concentran las tareas. Adem\u00e1s hay una guardia de cenizas constante debido al fuerte viento pronosticado para hoy.<\/p>\n<!--[if lt IE 9]><script>document.createElement('audio');<\/script><![endif]-->\n<audio class=\"wp-audio-shortcode\" id=\"audio-2364-1\" preload=\"none\" style=\"width: 100%;\" controls=\"controls\"><source type=\"audio\/mpeg\" src=\"https:\/\/infoluro.com\/wp-content\/uploads\/2017\/01\/PACHECOINCENDIO12012017.mp3?_=1\" \/><a href=\"https:\/\/infoluro.com\/wp-content\/uploads\/2017\/01\/PACHECOINCENDIO12012017.mp3\">https:\/\/infoluro.com\/wp-content\/uploads\/2017\/01\/PACHECOINCENDIO12012017.mp3<\/a><\/audio>\n","protected":false},"excerpt":{"rendered":"<p>Contin\u00faan el trabajo de los bomberos de Villarino sobre el kil\u00f3metro 741 de la Ruta&#8230;<\/p>\n","protected":false},"author":2,"featured_media":2366,"comment_status":"closed","ping_status":"closed","sticky":false,"template":"","format":"standard","meta":{"footnotes":""},"categories":[12],"tags":[],"_links":{"self":[{"href":"https:\/\/infoluro.com\/index.php?rest_route=\/wp\/v2\/posts\/2364"}],"collection":[{"href":"https:\/\/infoluro.com\/index.php?rest_route=\/wp\/v2\/posts"}],"about":[{"href":"https:\/\/infoluro.com\/index.php?rest_route=\/wp\/v2\/types\/post"}],"author":[{"embeddable":true,"href":"https:\/\/infoluro.com\/index.php?rest_route=\/wp\/v2\/users\/2"}],"replies":[{"embeddable":true,"href":"https:\/\/infoluro.com\/index.php?rest_route=%2Fwp%2Fv2%2Fcomments&post=2364"}],"version-history":[{"count":0,"href":"https:\/\/infoluro.com\/index.php?rest_route=\/wp\/v2\/posts\/2364\/revisions"}],"wp:featuredmedia":[{"embeddable":true,"href":"https:\/\/infoluro.com\/index.php?rest_route=\/wp\/v2\/media\/2366"}],"wp:attachment":[{"href":"https:\/\/infoluro.com\/index.php?rest_route=%2Fwp%2Fv2%2Fmedia&parent=2364"}],"wp:term":[{"taxonomy":"category","embeddable":true,"href":"https:\/\/infoluro.com\/index.php?rest_route=%2Fwp%2Fv2%2Fcategories&post=2364"},{"taxonomy":"post_tag","embeddable":true,"href":"https:\/\/infoluro.com\/index.php?rest_route=%2Fwp%2Fv2%2Ftags&post=2364"}],"curies":[{"name":"wp","href":"https:\/\/api.w.org\/{rel}","templated":true}]}}