{"id":2372,"date":"2017-01-13T12:22:00","date_gmt":"2017-01-13T15:22:00","guid":{"rendered":"http:\/\/infoluro.com\/?p=2372"},"modified":"2017-01-13T12:22:00","modified_gmt":"2017-01-13T15:22:00","slug":"se-entregaron-nuevas-unidades-para-el-area-de-sguridad","status":"publish","type":"post","link":"https:\/\/infoluro.com\/?p=2372","title":{"rendered":"Se entregaron nuevas unidades para el \u00c1rea de Sguridad"},"content":{"rendered":"<p>En un acto que se realiz\u00f3\u00a0 M\u00e9danos, frente al Palacio Municipal \u00a0se hizo entrega de 4 Camionetas de Patrulla para la Polic\u00eda, gestionadas ante Ministerio de Seguridad de la Provincia de Bs As; una camioneta para Defensa Civil, gestionada ante el Ministerio Medio Ambiente de la Naci\u00f3n; y 2 Motos, adquiridas por el Municipio destinada a La Subsecretaria de Protecci\u00f3n Ciudadana. En el lugar estuvieron presentes el Subsecretario de Proteccion Ciudadana Mart\u00edn Pacheco, el Jefe de la Polic\u00eda Comunal, Gabriel \u00c1valos, y el Intendente Carlos Bevilacqua que ofrecieron su palabra a los presentes y esto manifestaban.<\/p>\n<!--[if lt IE 9]><script>document.createElement('audio');<\/script><![endif]-->\n<audio class=\"wp-audio-shortcode\" id=\"audio-2372-1\" preload=\"none\" style=\"width: 100%;\" controls=\"controls\"><source type=\"audio\/mpeg\" src=\"https:\/\/infoluro.com\/wp-content\/uploads\/2017\/01\/ENTREGAMOVILESPOLICIALES13012017.mp3?_=1\" \/><a href=\"https:\/\/infoluro.com\/wp-content\/uploads\/2017\/01\/ENTREGAMOVILESPOLICIALES13012017.mp3\">https:\/\/infoluro.com\/wp-content\/uploads\/2017\/01\/ENTREGAMOVILESPOLICIALES13012017.mp3<\/a><\/audio>\n<p>&nbsp;<\/p>\n<p><!--more--><\/p>\n<p>\u201cNos encontramos con un d\u00e9ficit de m\u00f3viles muy notable. A los pocos d\u00edas pudimos adquirir dos camionetas nuevas para Pedro Luro seguimos incorporando con un sentido de compromiso con las fuerzas de seguridad para brindarle un mejor servicio a la comunidad. Hoy nos encontramos con la entrega de estas cuatro Toyota Hilux 0km que ser\u00e1n distribuidas en el distrito\u201d, sostuvo Bevilacqua, quien agradeci\u00f3 a la Gobernadora Mar\u00eda Eugenia Vidal y al Ministro de Seguridad Cristian Ritondo.<\/p>\n","protected":false},"excerpt":{"rendered":"<p>En un acto que se realiz\u00f3\u00a0 M\u00e9danos, frente al Palacio Municipal \u00a0se hizo entrega de&#8230;<\/p>\n","protected":false},"author":2,"featured_media":2371,"comment_status":"closed","ping_status":"closed","sticky":false,"template":"","format":"standard","meta":{"footnotes":""},"categories":[12,9],"tags":[],"_links":{"self":[{"href":"https:\/\/infoluro.com\/index.php?rest_route=\/wp\/v2\/posts\/2372"}],"collection":[{"href":"https:\/\/infoluro.com\/index.php?rest_route=\/wp\/v2\/posts"}],"about":[{"href":"https:\/\/infoluro.com\/index.php?rest_route=\/wp\/v2\/types\/post"}],"author":[{"embeddable":true,"href":"https:\/\/infoluro.com\/index.php?rest_route=\/wp\/v2\/users\/2"}],"replies":[{"embeddable":true,"href":"https:\/\/infoluro.com\/index.php?rest_route=%2Fwp%2Fv2%2Fcomments&post=2372"}],"version-history":[{"count":0,"href":"https:\/\/infoluro.com\/index.php?rest_route=\/wp\/v2\/posts\/2372\/revisions"}],"wp:featuredmedia":[{"embeddable":true,"href":"https:\/\/infoluro.com\/index.php?rest_route=\/wp\/v2\/media\/2371"}],"wp:attachment":[{"href":"https:\/\/infoluro.com\/index.php?rest_route=%2Fwp%2Fv2%2Fmedia&parent=2372"}],"wp:term":[{"taxonomy":"category","embeddable":true,"href":"https:\/\/infoluro.com\/index.php?rest_route=%2Fwp%2Fv2%2Fcategories&post=2372"},{"taxonomy":"post_tag","embeddable":true,"href":"https:\/\/infoluro.com\/index.php?rest_route=%2Fwp%2Fv2%2Ftags&post=2372"}],"curies":[{"name":"wp","href":"https:\/\/api.w.org\/{rel}","templated":true}]}}