{"id":2391,"date":"2017-01-18T10:55:47","date_gmt":"2017-01-18T13:55:47","guid":{"rendered":"http:\/\/infoluro.com\/?p=2391"},"modified":"2017-01-18T10:55:47","modified_gmt":"2017-01-18T13:55:47","slug":"habia-una-serie-de-diferencias-entre-brion-y-carlos-bevilacqua","status":"publish","type":"post","link":"https:\/\/infoluro.com\/?p=2391","title":{"rendered":"\u201cHab\u00eda una  serie de diferencias entre Bri\u00f3n y Carlos Bevilacqua\u201d"},"content":{"rendered":"<p>El Concejal de Acci\u00f3n Por Villarino Omar Promenzio se refiri\u00f3 en la Zfm a la renuncia de los funcionarios Horacio Bri\u00f3n, junto a Laura Trelles e Ignacio Gaggioli: \u201cEsta noticia fue sorpresiva pero en realidad hab\u00eda una\u00a0 serie de diferencias \u00a0en la toma de decisiones en la gesti\u00f3n entre Bri\u00f3n y Carlos Bevilacqua\u201d.<\/p>\n<!--[if lt IE 9]><script>document.createElement('audio');<\/script><![endif]-->\n<audio class=\"wp-audio-shortcode\" id=\"audio-2391-1\" preload=\"none\" style=\"width: 100%;\" controls=\"controls\"><source type=\"audio\/mpeg\" src=\"https:\/\/infoluro.com\/wp-content\/uploads\/2017\/01\/PROMENSIORENUNCIAS18012017.mp3?_=1\" \/><a href=\"https:\/\/infoluro.com\/wp-content\/uploads\/2017\/01\/PROMENSIORENUNCIAS18012017.mp3\">https:\/\/infoluro.com\/wp-content\/uploads\/2017\/01\/PROMENSIORENUNCIAS18012017.mp3<\/a><\/audio>\n<p><!--more--><\/p>\n<p>Promenzio sostuvo que Bri\u00f3n tomo una primera medida previo a la renuncia que \u00a0fue volver al Concejo Deliberante y luego confirmar su salida del bloque oficialista para formar una banca unipersonal.<\/p>\n<p>APV ahora es minor\u00eda en el HCD \u201chemos quedado con 6 concejales (contra de 10 de la oposici\u00f3n), habr\u00e1 que consensuar y llevar adelante los proyectos importantes para el vecino. Creo que Bri\u00f3n no va a tomar una actitud destructiva\u201d. En cuanto a la salida de Trelles creo que fue por una cuesti\u00f3n de lealtad hacia Bri\u00f3n\u201d agreg\u00f3 Promenzio.<\/p>\n<p>&nbsp;<\/p>\n","protected":false},"excerpt":{"rendered":"<p>El Concejal de Acci\u00f3n Por Villarino Omar Promenzio se refiri\u00f3 en la Zfm a la&#8230;<\/p>\n","protected":false},"author":2,"featured_media":2388,"comment_status":"closed","ping_status":"closed","sticky":false,"template":"","format":"standard","meta":{"footnotes":""},"categories":[12,9],"tags":[],"_links":{"self":[{"href":"https:\/\/infoluro.com\/index.php?rest_route=\/wp\/v2\/posts\/2391"}],"collection":[{"href":"https:\/\/infoluro.com\/index.php?rest_route=\/wp\/v2\/posts"}],"about":[{"href":"https:\/\/infoluro.com\/index.php?rest_route=\/wp\/v2\/types\/post"}],"author":[{"embeddable":true,"href":"https:\/\/infoluro.com\/index.php?rest_route=\/wp\/v2\/users\/2"}],"replies":[{"embeddable":true,"href":"https:\/\/infoluro.com\/index.php?rest_route=%2Fwp%2Fv2%2Fcomments&post=2391"}],"version-history":[{"count":0,"href":"https:\/\/infoluro.com\/index.php?rest_route=\/wp\/v2\/posts\/2391\/revisions"}],"wp:featuredmedia":[{"embeddable":true,"href":"https:\/\/infoluro.com\/index.php?rest_route=\/wp\/v2\/media\/2388"}],"wp:attachment":[{"href":"https:\/\/infoluro.com\/index.php?rest_route=%2Fwp%2Fv2%2Fmedia&parent=2391"}],"wp:term":[{"taxonomy":"category","embeddable":true,"href":"https:\/\/infoluro.com\/index.php?rest_route=%2Fwp%2Fv2%2Fcategories&post=2391"},{"taxonomy":"post_tag","embeddable":true,"href":"https:\/\/infoluro.com\/index.php?rest_route=%2Fwp%2Fv2%2Ftags&post=2391"}],"curies":[{"name":"wp","href":"https:\/\/api.w.org\/{rel}","templated":true}]}}