{"id":25684,"date":"2024-09-09T18:00:58","date_gmt":"2024-09-09T21:00:58","guid":{"rendered":"https:\/\/infoluro.com\/?p=25684"},"modified":"2024-09-09T18:09:59","modified_gmt":"2024-09-09T21:09:59","slug":"piden-restablecimiento-del-servicio-ferroviario-en-bahia-blanca-constitucion","status":"publish","type":"post","link":"https:\/\/infoluro.com\/?p=25684","title":{"rendered":"Piden el Restablecimiento del servicio ferroviario Bah\u00eda Blanca-Constituci\u00f3n&#8221;"},"content":{"rendered":"<p>&nbsp;<\/p>\n<p>Hablamos V\u00eda telefonica con el Concejal Daniel Medina, del espacio pol\u00edtico Bien Com\u00fan, se refiri\u00f3 al restablecimiento del servicio ferroviario en el trayecto Bah\u00eda Blanca-Constituci\u00f3n, una cuesti\u00f3n que lleva m\u00e1s de un a\u00f1o sin resoluci\u00f3n.<\/p>\n<p>El servicio de trenes de pasajeros dej\u00f3 de funcionar en 2023 debido a diversas cuestiones.<\/p>\n<p>Actualmente, el Estado nacional, bajo una nueva administraci\u00f3n, ha extendido la concesi\u00f3n ferroviaria a empresas privadas.<\/p>\n<p>Medina y su espacio presentaron un proyecto que busca establecer una comunicaci\u00f3n oficial con las empresas ferroviarias para obtener una visi\u00f3n clara de la situaci\u00f3n.<\/p>\n<p>Es una cuesti\u00f3n de Estado que requiere la uni\u00f3n de todos, m\u00e1s all\u00e1 de qui\u00e9n gobierne&#8221;, enfatiz\u00f3.<\/p>\n<p>El servicio ferroviario es vital para muchos vecinos de la regi\u00f3n, quienes lo utilizan por su bajo costo.<\/p>\n<p>Adem\u00e1s, inclu\u00eda un vag\u00f3n adaptado para personas con discapacidad.<\/p>\n<p>Escuch\u00e1 la Nota\u00a0 a continuaci\u00f3n<\/p>\n<!--[if lt IE 9]><script>document.createElement('audio');<\/script><![endif]-->\n<audio class=\"wp-audio-shortcode\" id=\"audio-25684-1\" preload=\"none\" style=\"width: 100%;\" controls=\"controls\"><source type=\"audio\/mpeg\" src=\"https:\/\/infoluro.com\/wp-content\/uploads\/2024\/09\/DANIELBIENCOMUNCONCEJAL.mp3?_=1\" \/><a href=\"https:\/\/infoluro.com\/wp-content\/uploads\/2024\/09\/DANIELBIENCOMUNCONCEJAL.mp3\">https:\/\/infoluro.com\/wp-content\/uploads\/2024\/09\/DANIELBIENCOMUNCONCEJAL.mp3<\/a><\/audio>\n<p>&nbsp;<\/p>\n","protected":false},"excerpt":{"rendered":"<p>&nbsp; Hablamos V\u00eda telefonica con el Concejal Daniel Medina, del espacio pol\u00edtico Bien Com\u00fan, se&#8230;<\/p>\n","protected":false},"author":2,"featured_media":25686,"comment_status":"closed","ping_status":"closed","sticky":false,"template":"","format":"standard","meta":{"footnotes":""},"categories":[45,4,3],"tags":[],"_links":{"self":[{"href":"https:\/\/infoluro.com\/index.php?rest_route=\/wp\/v2\/posts\/25684"}],"collection":[{"href":"https:\/\/infoluro.com\/index.php?rest_route=\/wp\/v2\/posts"}],"about":[{"href":"https:\/\/infoluro.com\/index.php?rest_route=\/wp\/v2\/types\/post"}],"author":[{"embeddable":true,"href":"https:\/\/infoluro.com\/index.php?rest_route=\/wp\/v2\/users\/2"}],"replies":[{"embeddable":true,"href":"https:\/\/infoluro.com\/index.php?rest_route=%2Fwp%2Fv2%2Fcomments&post=25684"}],"version-history":[{"count":5,"href":"https:\/\/infoluro.com\/index.php?rest_route=\/wp\/v2\/posts\/25684\/revisions"}],"predecessor-version":[{"id":25691,"href":"https:\/\/infoluro.com\/index.php?rest_route=\/wp\/v2\/posts\/25684\/revisions\/25691"}],"wp:featuredmedia":[{"embeddable":true,"href":"https:\/\/infoluro.com\/index.php?rest_route=\/wp\/v2\/media\/25686"}],"wp:attachment":[{"href":"https:\/\/infoluro.com\/index.php?rest_route=%2Fwp%2Fv2%2Fmedia&parent=25684"}],"wp:term":[{"taxonomy":"category","embeddable":true,"href":"https:\/\/infoluro.com\/index.php?rest_route=%2Fwp%2Fv2%2Fcategories&post=25684"},{"taxonomy":"post_tag","embeddable":true,"href":"https:\/\/infoluro.com\/index.php?rest_route=%2Fwp%2Fv2%2Ftags&post=25684"}],"curies":[{"name":"wp","href":"https:\/\/api.w.org\/{rel}","templated":true}]}}