{"id":26003,"date":"2024-10-24T19:23:23","date_gmt":"2024-10-24T22:23:23","guid":{"rendered":"https:\/\/infoluro.com\/?p=26003"},"modified":"2024-10-24T19:23:23","modified_gmt":"2024-10-24T22:23:23","slug":"el-jurado-popular-declaro-culpable-a-domingo-faustino-verna","status":"publish","type":"post","link":"https:\/\/infoluro.com\/?p=26003","title":{"rendered":"El Jurado Popular declar\u00f3 culpable a Domingo Faustino Verna"},"content":{"rendered":"<p>&nbsp;<\/p>\n<p>El jurado popular declar\u00f3 culpable a Domingo Faustino Verna, el abuelo de 78 a\u00f1os que mat\u00f3 a tiros a su nieto, Braian Alexis Verna (29), el 13 de junio de 2022 en el ingreso del domicilio del imputado, ubicado en Cobi\u00e1n al 600.<\/p>\n<p>Este jueves, tras escucharse la palabra del homicida, se avanz\u00f3 con el alegato de las partes. Y el jurado decidi\u00f3 declararlo culpable por el delito de homicidio por exceso en la leg\u00edtima defensa.<\/p>\n<p>Ahora hay que esperar a que el juez t\u00e9cnico determine el monto de la pena.<\/p>\n<div id=\"div-gpt-ad-ros-internews-01_parent\" class=\"code-block code-block-11\">\n<div id=\"div-gpt-ad-ros-internews-01\" data-google-query-id=\"CNXSjpWFqIkDFURMuAQduIcXsQ\">\n<div id=\"google_ads_iframe_\/22031857995\/INTERNEWS_01_0__container__\">Fiscal\u00eda y querella coincidieron en pedir condena para Verna, pero con calificaciones diferentes. El particular damnificado, a cargo del Dr. Ignacio Yazyi, encuadr\u00f3 el caso con una calificaci\u00f3n m\u00e1s gravosa (homicidio calificado por el v\u00ednculo), mientras que el fiscal Jorge Viego, requiri\u00f3 una condena por exceso en la leg\u00edtima defensa.<\/div>\n<div><\/div>\n<div>El trece de junio del 2022, el jubilado y ex militar jubilado Domingo Faustino Verna de 78 a\u00f1os asesin\u00f3 a su nieto Brian Verna de 29 a\u00f1os en la puerta de su casa en la calle Cobi\u00e1n al 600, en Bah\u00eda Blanca. El violento episodio qued\u00f3 grabado por las c\u00e1maras de seguridad del hogar y desat\u00f3 tras una feroz discusi\u00f3n en la que Brian intent\u00f3 agredir a su abuelo.<\/div>\n<\/div>\n<\/div>\n","protected":false},"excerpt":{"rendered":"<p>&nbsp; El jurado popular declar\u00f3 culpable a Domingo Faustino Verna, el abuelo de 78 a\u00f1os&#8230;<\/p>\n","protected":false},"author":2,"featured_media":26004,"comment_status":"closed","ping_status":"closed","sticky":false,"template":"","format":"standard","meta":{"footnotes":""},"categories":[45,4,2],"tags":[],"_links":{"self":[{"href":"https:\/\/infoluro.com\/index.php?rest_route=\/wp\/v2\/posts\/26003"}],"collection":[{"href":"https:\/\/infoluro.com\/index.php?rest_route=\/wp\/v2\/posts"}],"about":[{"href":"https:\/\/infoluro.com\/index.php?rest_route=\/wp\/v2\/types\/post"}],"author":[{"embeddable":true,"href":"https:\/\/infoluro.com\/index.php?rest_route=\/wp\/v2\/users\/2"}],"replies":[{"embeddable":true,"href":"https:\/\/infoluro.com\/index.php?rest_route=%2Fwp%2Fv2%2Fcomments&post=26003"}],"version-history":[{"count":1,"href":"https:\/\/infoluro.com\/index.php?rest_route=\/wp\/v2\/posts\/26003\/revisions"}],"predecessor-version":[{"id":26005,"href":"https:\/\/infoluro.com\/index.php?rest_route=\/wp\/v2\/posts\/26003\/revisions\/26005"}],"wp:featuredmedia":[{"embeddable":true,"href":"https:\/\/infoluro.com\/index.php?rest_route=\/wp\/v2\/media\/26004"}],"wp:attachment":[{"href":"https:\/\/infoluro.com\/index.php?rest_route=%2Fwp%2Fv2%2Fmedia&parent=26003"}],"wp:term":[{"taxonomy":"category","embeddable":true,"href":"https:\/\/infoluro.com\/index.php?rest_route=%2Fwp%2Fv2%2Fcategories&post=26003"},{"taxonomy":"post_tag","embeddable":true,"href":"https:\/\/infoluro.com\/index.php?rest_route=%2Fwp%2Fv2%2Ftags&post=26003"}],"curies":[{"name":"wp","href":"https:\/\/api.w.org\/{rel}","templated":true}]}}