{"id":26392,"date":"2024-12-27T18:34:42","date_gmt":"2024-12-27T21:34:42","guid":{"rendered":"https:\/\/infoluro.com\/?p=26392"},"modified":"2024-12-27T18:34:42","modified_gmt":"2024-12-27T21:34:42","slug":"incendio-los-manzanos-en-el-parque-nacional-nahuel-huapi","status":"publish","type":"post","link":"https:\/\/infoluro.com\/?p=26392","title":{"rendered":"INCENDIO \u201cLOS MANZANOS\u201d EN EL PARQUE NACIONAL NAHUEL HUAPI"},"content":{"rendered":"<p>&nbsp;<\/p>\n<p>Desde la Administraci\u00f3n de Parques Nacionales informaron\u00a0sobre el estado del incendio en zona de \u201cLos Manzanos\u201d. La superficie afectada hasta el momento es de aproximadamente 1.450 hect\u00e1reas y no comprende zonas de uso p\u00fablico. Por motivos de prevenci\u00f3n se cerraron todos los senderos de la zona sur y centro del Parque Nacional.<\/p>\n<p>Trabajan en el operativo 47 brigadistas, 4 pilotos y 14 efectivos de log\u00edstica y coordinaci\u00f3n. Tambi\u00e9n se cuenta con aeronaves del Servicio Nacional de Manejo del Fuego: 2 aviones hidrantes en apresto y 2 helic\u00f3pteros que ya comenzaron a operar gracias a las mejoras en las condiciones de visibilidad.<\/p>\n<p>El incendio podr\u00eda haberse provocado por la tormenta el\u00e9ctrica ocurrida el 16 de diciembre. La zona afectada es remota, se encuentra alejada de \u00e1reas de uso p\u00fablico y posee antecedentes hist\u00f3ricos de incendios por causas naturales.<\/p>\n<p>Desde la Administraci\u00f3n agradecieron el trabajo incansable de todo el personal y solicitaron a todos los vecinos y visitantes circular con precauci\u00f3n por la presencia de humo e informarse \u00fanicamente a trav\u00e9s de medios oficiales.<\/p>\n","protected":false},"excerpt":{"rendered":"<p>&nbsp; Desde la Administraci\u00f3n de Parques Nacionales informaron\u00a0sobre el estado del incendio en zona de&#8230;<\/p>\n","protected":false},"author":2,"featured_media":26393,"comment_status":"closed","ping_status":"closed","sticky":false,"template":"","format":"standard","meta":{"footnotes":""},"categories":[45,12],"tags":[],"_links":{"self":[{"href":"https:\/\/infoluro.com\/index.php?rest_route=\/wp\/v2\/posts\/26392"}],"collection":[{"href":"https:\/\/infoluro.com\/index.php?rest_route=\/wp\/v2\/posts"}],"about":[{"href":"https:\/\/infoluro.com\/index.php?rest_route=\/wp\/v2\/types\/post"}],"author":[{"embeddable":true,"href":"https:\/\/infoluro.com\/index.php?rest_route=\/wp\/v2\/users\/2"}],"replies":[{"embeddable":true,"href":"https:\/\/infoluro.com\/index.php?rest_route=%2Fwp%2Fv2%2Fcomments&post=26392"}],"version-history":[{"count":1,"href":"https:\/\/infoluro.com\/index.php?rest_route=\/wp\/v2\/posts\/26392\/revisions"}],"predecessor-version":[{"id":26394,"href":"https:\/\/infoluro.com\/index.php?rest_route=\/wp\/v2\/posts\/26392\/revisions\/26394"}],"wp:featuredmedia":[{"embeddable":true,"href":"https:\/\/infoluro.com\/index.php?rest_route=\/wp\/v2\/media\/26393"}],"wp:attachment":[{"href":"https:\/\/infoluro.com\/index.php?rest_route=%2Fwp%2Fv2%2Fmedia&parent=26392"}],"wp:term":[{"taxonomy":"category","embeddable":true,"href":"https:\/\/infoluro.com\/index.php?rest_route=%2Fwp%2Fv2%2Fcategories&post=26392"},{"taxonomy":"post_tag","embeddable":true,"href":"https:\/\/infoluro.com\/index.php?rest_route=%2Fwp%2Fv2%2Ftags&post=26392"}],"curies":[{"name":"wp","href":"https:\/\/api.w.org\/{rel}","templated":true}]}}