{"id":26494,"date":"2025-01-15T12:34:38","date_gmt":"2025-01-15T15:34:38","guid":{"rendered":"https:\/\/infoluro.com\/?p=26494"},"modified":"2025-01-15T12:34:38","modified_gmt":"2025-01-15T15:34:38","slug":"de-juan-la-banda-de-rock-que-marco-una-epoca-en-la-musica-villarinense-vuelve-a-los-escenarios","status":"publish","type":"post","link":"https:\/\/infoluro.com\/?p=26494","title":{"rendered":"&#8220;De Juan: la Banda de Rock que marc\u00f3 una \u00e9poca en la m\u00fasica villarinense vuelve a los escenarios&#8221;"},"content":{"rendered":"<p>&nbsp;<\/p>\n<p>Facundo Ares, integrante de la emblem\u00e1tica banda villarinense De Juan, visit\u00f3 los estudios de ZFM para compartir su historia y actualidad musical. La banda, conocida por hits como &#8220;T\u00e1ctica&#8221;, &#8220;Tanta miel&#8221;, &#8220;Lobo&#8221; &#8220;Parecido al sol&#8221; entre otros, se prepara para su pr\u00f3ximo show en el Club Social y Deportivo Villa Obrera.<\/p>\n<p>Durante su visita, Facundo Ares record\u00f3 los inicios de la banda a fines de los a\u00f1os noventa y comparti\u00f3 an\u00e9cdotas sobre su vida como m\u00fasico. Tambi\u00e9n habl\u00f3 sobre su relaci\u00f3n con la guitarra, instrumento que le ha permitido crear canciones y conectar con su audiencia.<\/p>\n<p>&#8220;Mis primeros recuerdos est\u00e1n relacionados con la m\u00fasica. Me acuerdo de una mesa de f\u00f3rmica en la casa de mi abuelo materno, donde mis t\u00edas adolescentes me daban un palito con un piol\u00edn y yo cantaba encima de la mesa. Ten\u00eda unos cinco a\u00f1os en ese momento. Esos son mis primeros recuerdos relacionados con la m\u00fasica.<\/p>\n<p>La gente a veces me dice: &#8220;Ojal\u00e1 nunca dejes de hacer m\u00fasica&#8221;. Pero no es algo que yo decida.<\/p>\n<p>A veces no entiendo el reconocimiento que recibo, me doy cuenta del impacto que mi m\u00fasica tiene en las personas. Por ejemplo, cuando estoy en un lugar y alguien se acerca con su hija peque\u00f1a para sacarse una foto conmigo, eso me hace caer en la cuenta del trabajo que he realizado. Es en esos momentos cuando me doy cuenta del valor de mi m\u00fasica&#8221;, Coment\u00f3 Ares.<\/p>\n<p>De Juan se presentar\u00e1 el d\u00eda 18 de enero a las 21 horas en el Club Social y Deportivo Villa Obrera, acompa\u00f1ados por la banda invitada Guaresnay. Los fans de la m\u00fasica local no pueden perderse este evento.<\/p>\n<p>Con una sobresaliente carrera musical, De Juan sigue siendo una de las bandas m\u00e1s influyentes y queridas de la escena musical villarinense.<\/p>\n<p>Consegui tu entrada anticipada a $5000.- en:<br \/>\n\ud83d\udccd La Cantina de Villa Obrera &#8211; Pedro Luro<br \/>\n\ud83d\udccd Salve Regina calle 5 entre 28 y 30 &#8211; Pedro Luro<br \/>\n\ud83d\udccdSi sos de M\u00e9danos, Burato, Ascasubi, Bahia, etc tc contactate al: 291-4 74-0124(Gisela).<\/p>\n<p>Escuch\u00e1 la nota a continuaci\u00f3n.<\/p>\n<!--[if lt IE 9]><script>document.createElement('audio');<\/script><![endif]-->\n<audio class=\"wp-audio-shortcode\" id=\"audio-26494-1\" preload=\"none\" style=\"width: 100%;\" controls=\"controls\"><source type=\"audio\/mpeg\" src=\"https:\/\/infoluro.com\/wp-content\/uploads\/2025\/01\/FACUANDOARES.mp3?_=1\" \/><a href=\"https:\/\/infoluro.com\/wp-content\/uploads\/2025\/01\/FACUANDOARES.mp3\">https:\/\/infoluro.com\/wp-content\/uploads\/2025\/01\/FACUANDOARES.mp3<\/a><\/audio>\n<p>&nbsp;<\/p>\n<p><img loading=\"lazy\" decoding=\"async\" class=\"alignnone size-medium wp-image-26498\" src=\"https:\/\/infoluro.com\/wp-content\/uploads\/2025\/01\/WhatsApp-Image-2025-01-15-at-12.29.43-295x300.jpeg\" alt=\"\" width=\"295\" height=\"300\" srcset=\"https:\/\/infoluro.com\/wp-content\/uploads\/2025\/01\/WhatsApp-Image-2025-01-15-at-12.29.43-295x300.jpeg 295w, https:\/\/infoluro.com\/wp-content\/uploads\/2025\/01\/WhatsApp-Image-2025-01-15-at-12.29.43-1007x1024.jpeg 1007w, https:\/\/infoluro.com\/wp-content\/uploads\/2025\/01\/WhatsApp-Image-2025-01-15-at-12.29.43-768x781.jpeg 768w, https:\/\/infoluro.com\/wp-content\/uploads\/2025\/01\/WhatsApp-Image-2025-01-15-at-12.29.43-1024x1041.jpeg 1024w, https:\/\/infoluro.com\/wp-content\/uploads\/2025\/01\/WhatsApp-Image-2025-01-15-at-12.29.43.jpeg 1074w\" sizes=\"(max-width: 295px) 100vw, 295px\" \/>\u00a0 \u00a0 \u00a0 \u00a0 \u00a0 \u00a0 \u00a0 \u00a0 \u00a0 \u00a0 \u00a0 \u00a0 \u00a0 \u00a0 \u00a0 <img loading=\"lazy\" decoding=\"async\" class=\"alignnone size-medium wp-image-26497\" src=\"https:\/\/infoluro.com\/wp-content\/uploads\/2025\/01\/WhatsApp-Image-2025-01-15-at-12.29.42-227x300.jpeg\" alt=\"\" width=\"227\" height=\"300\" srcset=\"https:\/\/infoluro.com\/wp-content\/uploads\/2025\/01\/WhatsApp-Image-2025-01-15-at-12.29.42-227x300.jpeg 227w, https:\/\/infoluro.com\/wp-content\/uploads\/2025\/01\/WhatsApp-Image-2025-01-15-at-12.29.42-773x1024.jpeg 773w, https:\/\/infoluro.com\/wp-content\/uploads\/2025\/01\/WhatsApp-Image-2025-01-15-at-12.29.42-768x1017.jpeg 768w, https:\/\/infoluro.com\/wp-content\/uploads\/2025\/01\/WhatsApp-Image-2025-01-15-at-12.29.42-1160x1536.jpeg 1160w, https:\/\/infoluro.com\/wp-content\/uploads\/2025\/01\/WhatsApp-Image-2025-01-15-at-12.29.42-1547x2048.jpeg 1547w, https:\/\/infoluro.com\/wp-content\/uploads\/2025\/01\/WhatsApp-Image-2025-01-15-at-12.29.42-1024x1356.jpeg 1024w, https:\/\/infoluro.com\/wp-content\/uploads\/2025\/01\/WhatsApp-Image-2025-01-15-at-12.29.42-scaled.jpeg 1934w\" sizes=\"(max-width: 227px) 100vw, 227px\" \/><\/p>\n<p>&nbsp;<\/p>\n<p><img loading=\"lazy\" decoding=\"async\" class=\"alignnone size-medium wp-image-26496\" src=\"https:\/\/infoluro.com\/wp-content\/uploads\/2025\/01\/WhatsApp-Image-2025-01-15-at-12.26.55-240x300.jpeg\" alt=\"\" width=\"240\" height=\"300\" srcset=\"https:\/\/infoluro.com\/wp-content\/uploads\/2025\/01\/WhatsApp-Image-2025-01-15-at-12.26.55-240x300.jpeg 240w, https:\/\/infoluro.com\/wp-content\/uploads\/2025\/01\/WhatsApp-Image-2025-01-15-at-12.26.55.jpeg 720w\" sizes=\"(max-width: 240px) 100vw, 240px\" \/><\/p>\n<p>Consegui tu entrada anticipada a $5000.- en:<br \/>\n\ud83d\udccd La Cantina de Villa Obrera &#8211; Pedro Luro<br \/>\n\ud83d\udccd Salve Regina calle 5 entre 28 y 30 &#8211; Pedro Luro<br \/>\n\ud83d\udccdSi sos de M\u00e9danos, Burato, Ascasubi, Bahia, etc tc contactate al: 291-4 74-0124(Gisela).<\/p>\n","protected":false},"excerpt":{"rendered":"<p>&nbsp; Facundo Ares, integrante de la emblem\u00e1tica banda villarinense De Juan, visit\u00f3 los estudios de&#8230;<\/p>\n","protected":false},"author":2,"featured_media":26499,"comment_status":"closed","ping_status":"closed","sticky":false,"template":"","format":"standard","meta":{"footnotes":""},"categories":[45,12,4,14,9],"tags":[],"_links":{"self":[{"href":"https:\/\/infoluro.com\/index.php?rest_route=\/wp\/v2\/posts\/26494"}],"collection":[{"href":"https:\/\/infoluro.com\/index.php?rest_route=\/wp\/v2\/posts"}],"about":[{"href":"https:\/\/infoluro.com\/index.php?rest_route=\/wp\/v2\/types\/post"}],"author":[{"embeddable":true,"href":"https:\/\/infoluro.com\/index.php?rest_route=\/wp\/v2\/users\/2"}],"replies":[{"embeddable":true,"href":"https:\/\/infoluro.com\/index.php?rest_route=%2Fwp%2Fv2%2Fcomments&post=26494"}],"version-history":[{"count":1,"href":"https:\/\/infoluro.com\/index.php?rest_route=\/wp\/v2\/posts\/26494\/revisions"}],"predecessor-version":[{"id":26500,"href":"https:\/\/infoluro.com\/index.php?rest_route=\/wp\/v2\/posts\/26494\/revisions\/26500"}],"wp:featuredmedia":[{"embeddable":true,"href":"https:\/\/infoluro.com\/index.php?rest_route=\/wp\/v2\/media\/26499"}],"wp:attachment":[{"href":"https:\/\/infoluro.com\/index.php?rest_route=%2Fwp%2Fv2%2Fmedia&parent=26494"}],"wp:term":[{"taxonomy":"category","embeddable":true,"href":"https:\/\/infoluro.com\/index.php?rest_route=%2Fwp%2Fv2%2Fcategories&post=26494"},{"taxonomy":"post_tag","embeddable":true,"href":"https:\/\/infoluro.com\/index.php?rest_route=%2Fwp%2Fv2%2Ftags&post=26494"}],"curies":[{"name":"wp","href":"https:\/\/api.w.org\/{rel}","templated":true}]}}