{"id":26532,"date":"2025-01-24T11:59:51","date_gmt":"2025-01-24T14:59:51","guid":{"rendered":"https:\/\/infoluro.com\/?p=26532"},"modified":"2025-01-24T11:59:51","modified_gmt":"2025-01-24T14:59:51","slug":"turismo-en-villarino-balance-positivo-y-nuevas-actividades-para-disfrutar","status":"publish","type":"post","link":"https:\/\/infoluro.com\/?p=26532","title":{"rendered":"Turismo en Villarino: Balance Positivo y Nuevas Actividades para Disfrutar"},"content":{"rendered":"<p>&nbsp;<\/p>\n<p>La subdirectora de Turismo de Villarino, Bel\u00e9n Hern\u00e1ndez, destac\u00f3 el \u00e9xito de la temporada estival en el distrito. &#8220;El verano nos est\u00e1 acompa\u00f1ando con temperaturas ideales, lo que ha generado una gran convocatoria en los balnearios&#8221;, coment\u00f3. Durante los fines de semana, el turismo de proximidad es protagonista, con familias que eligen estos espacios seguros para disfrutar del tiempo libre.\u2063<br \/>\n\u2063<br \/>\nEntre las actividades recientes, Hern\u00e1ndez resalt\u00f3 el aniversario de La Chiquita, donde se sum\u00f3 por primera vez m\u00fasica en la playa, logrando una excelente recepci\u00f3n por parte del p\u00fablico. Adem\u00e1s, adelant\u00f3 las propuestas en Lago Parque La Salada para este domingo 26 de enero, que incluir\u00e1n un torneo de beach v\u00f3ley, f\u00fatbol tenis, presentaciones de artistas locales y m\u00fasica en vivo, todo a partir de las 17 horas.\u2063<br \/>\n\u2063<br \/>\n&#8220;Estamos viendo un gran impacto regional, con visitantes de localidades vecinas como Patagones y Bah\u00eda Blanca, adem\u00e1s de un promedio de 100 a 120 autos por fin de semana en La Salada&#8221;, explic\u00f3 Hern\u00e1ndez. Tambi\u00e9n mencion\u00f3 el rol del Operativo Sol, que asegura jornadas tranquilas y organizadas en los balnearios. Con una temporada armoniosa y cargada de actividades, Villarino se posiciona como un destino ideal para disfrutar del verano.<\/p>\n<p>Escuch\u00e1 la Nota\u00a0 Continuaci\u00f3n.<\/p>\n<p>&nbsp;<\/p>\n<p>&nbsp;<\/p>\n","protected":false},"excerpt":{"rendered":"<p>&nbsp; La subdirectora de Turismo de Villarino, Bel\u00e9n Hern\u00e1ndez, destac\u00f3 el \u00e9xito de la temporada&#8230;<\/p>\n","protected":false},"author":2,"featured_media":26533,"comment_status":"closed","ping_status":"closed","sticky":false,"template":"","format":"standard","meta":{"footnotes":""},"categories":[45,12,4,10,9],"tags":[],"_links":{"self":[{"href":"https:\/\/infoluro.com\/index.php?rest_route=\/wp\/v2\/posts\/26532"}],"collection":[{"href":"https:\/\/infoluro.com\/index.php?rest_route=\/wp\/v2\/posts"}],"about":[{"href":"https:\/\/infoluro.com\/index.php?rest_route=\/wp\/v2\/types\/post"}],"author":[{"embeddable":true,"href":"https:\/\/infoluro.com\/index.php?rest_route=\/wp\/v2\/users\/2"}],"replies":[{"embeddable":true,"href":"https:\/\/infoluro.com\/index.php?rest_route=%2Fwp%2Fv2%2Fcomments&post=26532"}],"version-history":[{"count":1,"href":"https:\/\/infoluro.com\/index.php?rest_route=\/wp\/v2\/posts\/26532\/revisions"}],"predecessor-version":[{"id":26534,"href":"https:\/\/infoluro.com\/index.php?rest_route=\/wp\/v2\/posts\/26532\/revisions\/26534"}],"wp:featuredmedia":[{"embeddable":true,"href":"https:\/\/infoluro.com\/index.php?rest_route=\/wp\/v2\/media\/26533"}],"wp:attachment":[{"href":"https:\/\/infoluro.com\/index.php?rest_route=%2Fwp%2Fv2%2Fmedia&parent=26532"}],"wp:term":[{"taxonomy":"category","embeddable":true,"href":"https:\/\/infoluro.com\/index.php?rest_route=%2Fwp%2Fv2%2Fcategories&post=26532"},{"taxonomy":"post_tag","embeddable":true,"href":"https:\/\/infoluro.com\/index.php?rest_route=%2Fwp%2Fv2%2Ftags&post=26532"}],"curies":[{"name":"wp","href":"https:\/\/api.w.org\/{rel}","templated":true}]}}