{"id":26586,"date":"2025-02-06T13:02:22","date_gmt":"2025-02-06T16:02:22","guid":{"rendered":"https:\/\/infoluro.com\/?p=26586"},"modified":"2025-02-06T13:02:22","modified_gmt":"2025-02-06T16:02:22","slug":"villa-obrera-se-destaca-en-newcom-dos-integrantes-preseleccionados-para-la-seleccion-provincial","status":"publish","type":"post","link":"https:\/\/infoluro.com\/?p=26586","title":{"rendered":"Villa Obrera se destaca en Newcom: Dos integrantes Preseleccionados para la Selecci\u00f3n Provincial"},"content":{"rendered":"<p>&nbsp;<\/p>\n<p>La Federaci\u00f3n de Voleibol de la Provincia de Buenos Aires ha convocado a los jugadores de la provincia para formar parte de la Preselecci\u00f3n que representar\u00e1 a la provincia en Newcom.<\/p>\n<p>Entre los seleccionados se encuentran los Lurenses Guillermo Ch\u00e1vez y Abel Acevedo, ambos representan al Club Social y Deportivo Villa Obrera, quienes fueron preseleccionados en la categor\u00eda m\u00e1s de +60.<\/p>\n<p>El Newcom es un tipo de voleibol sin impacto<\/p>\n<p>La selecci\u00f3n de la provincia de Buenos Aires estar\u00e1 compuesta por los mejores jugadores de diferentes clubes de la provincia.<\/p>\n<p>Los Jugadores Chavez y Acevedo deber\u00e1n presentarse el 22 de febrero y el 9 de julio para la preselecci\u00f3n, donde se les realizar\u00e1n una serie de ejercicios y evaluaciones para determinar su aptitud para formar parte del equipo.<\/p>\n<p>&#8220;Tuvimos un encuentro en Viedma, un torneo sudamericano, vinieron selecciones de Uruguay y Chile, donde nosotros jugamos con la selecci\u00f3n de la provincia de R\u00edo Negro, y bueno, ah\u00ed lo vieron a los chicos, los vieron jugar muy bien, el comentario de toda la gente ayud\u00f3 a la convocatoria.<\/p>\n<p>La idea es, que ellos vayan a ganar experiencia, ser\u00eda un orgullo para nosotros. En esa instancia se seleccionaron, cuarenta y tres Jugadores de toda la provincia de Buenos Aires, tambi\u00e9n se busca el apoyo de patrocinadores y sponsors para costear los gastos de combustible y otros gastos relacionados con la participaci\u00f3n en el torneo&#8221; coment\u00f3 Winschel.<\/p>\n<p>Posteriormente la Subcomisi\u00f3n de Newcom de Villa Obrera pidi\u00f3 la colaboraci\u00f3n de la comunidad para solventar los gastos de la pareja Acevedo-Ch\u00e1vez, que viajar\u00e1n el 22 de febrero y extendieron una invitaci\u00f3n a los interesados para que asistan a los encuentros de Newcom y los entrenamientos de Newcom Villa Obrera, que se realizan en el galp\u00f3n del ferrocarril, ubicado entre las calles tres y cinco.<\/p>\n<p>Para obtener m\u00e1s informaci\u00f3n, comunicarse al 291-475-1414 con Daniel, o al 291-413-7093 con Cristina.<\/p>\n<p>La subcomisi\u00f3n agradece de antemano la colaboraci\u00f3n y apoyo de la comunidad para que esta iniciativa sea un \u00e9xito.<\/p>\n<p>Escuch\u00e1 la nota a continuaci\u00f3n.<\/p>\n<!--[if lt IE 9]><script>document.createElement('audio');<\/script><![endif]-->\n<audio class=\"wp-audio-shortcode\" id=\"audio-26586-1\" preload=\"none\" style=\"width: 100%;\" controls=\"controls\"><source type=\"audio\/mpeg\" src=\"https:\/\/infoluro.com\/wp-content\/uploads\/2025\/02\/NEWCOMVILLAOBRERA06022025.mp3?_=1\" \/><a href=\"https:\/\/infoluro.com\/wp-content\/uploads\/2025\/02\/NEWCOMVILLAOBRERA06022025.mp3\">https:\/\/infoluro.com\/wp-content\/uploads\/2025\/02\/NEWCOMVILLAOBRERA06022025.mp3<\/a><\/audio>\n<p>&nbsp;<\/p>\n<p><img loading=\"lazy\" decoding=\"async\" class=\"alignnone size-medium wp-image-26588\" src=\"https:\/\/infoluro.com\/wp-content\/uploads\/2025\/02\/WhatsApp-Image-2025-02-06-at-12.51.20-300x225.jpeg\" alt=\"\" width=\"300\" height=\"225\" srcset=\"https:\/\/infoluro.com\/wp-content\/uploads\/2025\/02\/WhatsApp-Image-2025-02-06-at-12.51.20-300x225.jpeg 300w, https:\/\/infoluro.com\/wp-content\/uploads\/2025\/02\/WhatsApp-Image-2025-02-06-at-12.51.20.jpeg 720w\" sizes=\"(max-width: 300px) 100vw, 300px\" \/><\/p>\n<p>&nbsp;<\/p>\n<p>&nbsp;<\/p>\n","protected":false},"excerpt":{"rendered":"<p>&nbsp; La Federaci\u00f3n de Voleibol de la Provincia de Buenos Aires ha convocado a los&#8230;<\/p>\n","protected":false},"author":2,"featured_media":26589,"comment_status":"closed","ping_status":"closed","sticky":false,"template":"","format":"standard","meta":{"footnotes":""},"categories":[45,12,7,4,14,9],"tags":[],"_links":{"self":[{"href":"https:\/\/infoluro.com\/index.php?rest_route=\/wp\/v2\/posts\/26586"}],"collection":[{"href":"https:\/\/infoluro.com\/index.php?rest_route=\/wp\/v2\/posts"}],"about":[{"href":"https:\/\/infoluro.com\/index.php?rest_route=\/wp\/v2\/types\/post"}],"author":[{"embeddable":true,"href":"https:\/\/infoluro.com\/index.php?rest_route=\/wp\/v2\/users\/2"}],"replies":[{"embeddable":true,"href":"https:\/\/infoluro.com\/index.php?rest_route=%2Fwp%2Fv2%2Fcomments&post=26586"}],"version-history":[{"count":1,"href":"https:\/\/infoluro.com\/index.php?rest_route=\/wp\/v2\/posts\/26586\/revisions"}],"predecessor-version":[{"id":26590,"href":"https:\/\/infoluro.com\/index.php?rest_route=\/wp\/v2\/posts\/26586\/revisions\/26590"}],"wp:featuredmedia":[{"embeddable":true,"href":"https:\/\/infoluro.com\/index.php?rest_route=\/wp\/v2\/media\/26589"}],"wp:attachment":[{"href":"https:\/\/infoluro.com\/index.php?rest_route=%2Fwp%2Fv2%2Fmedia&parent=26586"}],"wp:term":[{"taxonomy":"category","embeddable":true,"href":"https:\/\/infoluro.com\/index.php?rest_route=%2Fwp%2Fv2%2Fcategories&post=26586"},{"taxonomy":"post_tag","embeddable":true,"href":"https:\/\/infoluro.com\/index.php?rest_route=%2Fwp%2Fv2%2Ftags&post=26586"}],"curies":[{"name":"wp","href":"https:\/\/api.w.org\/{rel}","templated":true}]}}