{"id":26598,"date":"2025-02-10T11:12:44","date_gmt":"2025-02-10T14:12:44","guid":{"rendered":"https:\/\/infoluro.com\/?p=26598"},"modified":"2025-02-10T11:36:05","modified_gmt":"2025-02-10T14:36:05","slug":"villa-obrera-se-prepara-para-los-festejos-de-carnaval-una-tradicion-que-no-se-pierde","status":"publish","type":"post","link":"https:\/\/infoluro.com\/?p=26598","title":{"rendered":"Villa Obrera se prepara para los festejos de carnaval: Una tradici\u00f3n que no se pierde"},"content":{"rendered":"<p>&nbsp;<\/p>\n<p>Ana Rosario Peretto y Susana Vel\u00e1squez, integrantes de la Comisi\u00f3n Directiva del Club Social y Deportivo Villa Obrera, compartieron detalles de la organizaci\u00f3n de los festejos del carnaval 2025 que se desarrollar\u00e1 el d\u00eda s\u00e1bado 1 de marzo.<\/p>\n<p>Para Susana Vel\u00e1squez, &#8220;es una tradici\u00f3n que no se pierde y se tiene incorporada en el coraz\u00f3n&#8221;. La comisi\u00f3n directiva del club est\u00e1 trabajando arduamente para que el carnaval sea un \u00e9xito.<\/p>\n<p>Es mucho trabajo y tiene una amplitud que no est\u00e1 solamente limitada a lo deportivo, porque los carnavales est\u00e1n estrictamente ligados a lo social y cultural. Es una tradici\u00f3n, entonces el club trabaja en esas actividades que me parece que es bastante novedoso. Porque los clubes suelen abocarse estrictamente a lo deportivo, entonces, claro, se ampl\u00eda la gama de actividades. La paleta de colores. Color y alegr\u00eda es lo que tiene que haber en un carnaval.<\/p>\n<p>As\u00ed que es lo que estamos promocionando. Hemos tenido reuniones, invitaciones a instituciones, a barrios\u00a0 y lo hacemos extensivo a todos los grupos, grupos de amigos, a pe\u00f1as ,barrios, a instituciones que quieran sumarse a un momento del desfile, a hacer la carroza con lo que tengan, con lo que puedan. Coment\u00f3 Peretto.<\/p>\n<p>Una de las novedades ser\u00e1 que el carnaval se realizar\u00e1, en esta ocasi\u00f3n, en una de las calles principales de Pedro Luro, que tambi\u00e9n es uno accesos a Villa Obrera, ubicado en la calle veintiocho, entre tres y cinco.<\/p>\n<p>La invitaci\u00f3n est\u00e1 abierta a todos: barrios, agrupaciones, familias y personas que deseen unirse a la celebraci\u00f3n. El club busca integrar a la comunidad en este evento tradicional y divertido.<\/p>\n<p>Para m\u00e1s informaci\u00f3n comunicate al : 291-471-9423 o 291-649-0678<\/p>\n<p>Escuch\u00e1 la nota a continuaci\u00f3n.<\/p>\n<!--[if lt IE 9]><script>document.createElement('audio');<\/script><![endif]-->\n<audio class=\"wp-audio-shortcode\" id=\"audio-26598-1\" preload=\"none\" style=\"width: 100%;\" controls=\"controls\"><source type=\"audio\/mpeg\" src=\"https:\/\/infoluro.com\/wp-content\/uploads\/2025\/02\/COMISIONDIRECTIVAVILLAOBRERA05022025-1.mp3?_=1\" \/><a href=\"https:\/\/infoluro.com\/wp-content\/uploads\/2025\/02\/COMISIONDIRECTIVAVILLAOBRERA05022025-1.mp3\">https:\/\/infoluro.com\/wp-content\/uploads\/2025\/02\/COMISIONDIRECTIVAVILLAOBRERA05022025-1.mp3<\/a><\/audio>\n<p>&nbsp;<\/p>\n<p>&nbsp;<\/p>\n<p><img loading=\"lazy\" decoding=\"async\" class=\"alignnone size-medium wp-image-26601\" src=\"https:\/\/infoluro.com\/wp-content\/uploads\/2025\/02\/WhatsApp-Image-2025-02-10-at-10.48.36-300x300.jpeg\" alt=\"\" width=\"300\" height=\"300\" srcset=\"https:\/\/infoluro.com\/wp-content\/uploads\/2025\/02\/WhatsApp-Image-2025-02-10-at-10.48.36-300x300.jpeg 300w, https:\/\/infoluro.com\/wp-content\/uploads\/2025\/02\/WhatsApp-Image-2025-02-10-at-10.48.36-150x150.jpeg 150w, https:\/\/infoluro.com\/wp-content\/uploads\/2025\/02\/WhatsApp-Image-2025-02-10-at-10.48.36.jpeg 720w\" sizes=\"(max-width: 300px) 100vw, 300px\" \/><\/p>\n<p>&nbsp;<\/p>\n","protected":false},"excerpt":{"rendered":"<p>&nbsp; Ana Rosario Peretto y Susana Vel\u00e1squez, integrantes de la Comisi\u00f3n Directiva del Club Social&#8230;<\/p>\n","protected":false},"author":2,"featured_media":26600,"comment_status":"closed","ping_status":"closed","sticky":false,"template":"","format":"standard","meta":{"footnotes":""},"categories":[45,12,4,14,9],"tags":[],"_links":{"self":[{"href":"https:\/\/infoluro.com\/index.php?rest_route=\/wp\/v2\/posts\/26598"}],"collection":[{"href":"https:\/\/infoluro.com\/index.php?rest_route=\/wp\/v2\/posts"}],"about":[{"href":"https:\/\/infoluro.com\/index.php?rest_route=\/wp\/v2\/types\/post"}],"author":[{"embeddable":true,"href":"https:\/\/infoluro.com\/index.php?rest_route=\/wp\/v2\/users\/2"}],"replies":[{"embeddable":true,"href":"https:\/\/infoluro.com\/index.php?rest_route=%2Fwp%2Fv2%2Fcomments&post=26598"}],"version-history":[{"count":3,"href":"https:\/\/infoluro.com\/index.php?rest_route=\/wp\/v2\/posts\/26598\/revisions"}],"predecessor-version":[{"id":26604,"href":"https:\/\/infoluro.com\/index.php?rest_route=\/wp\/v2\/posts\/26598\/revisions\/26604"}],"wp:featuredmedia":[{"embeddable":true,"href":"https:\/\/infoluro.com\/index.php?rest_route=\/wp\/v2\/media\/26600"}],"wp:attachment":[{"href":"https:\/\/infoluro.com\/index.php?rest_route=%2Fwp%2Fv2%2Fmedia&parent=26598"}],"wp:term":[{"taxonomy":"category","embeddable":true,"href":"https:\/\/infoluro.com\/index.php?rest_route=%2Fwp%2Fv2%2Fcategories&post=26598"},{"taxonomy":"post_tag","embeddable":true,"href":"https:\/\/infoluro.com\/index.php?rest_route=%2Fwp%2Fv2%2Ftags&post=26598"}],"curies":[{"name":"wp","href":"https:\/\/api.w.org\/{rel}","templated":true}]}}