{"id":26700,"date":"2025-02-27T09:01:26","date_gmt":"2025-02-27T12:01:26","guid":{"rendered":"https:\/\/infoluro.com\/?p=26700"},"modified":"2025-02-27T09:10:46","modified_gmt":"2025-02-27T12:10:46","slug":"familliares-y-amigos-de-toto-salvador-exigen-justicia-tras-sus-asesinato","status":"publish","type":"post","link":"https:\/\/infoluro.com\/?p=26700","title":{"rendered":"Familliares y amigos de &#8220;Toto&#8221; Salvador exigen justicia tras su asesinato"},"content":{"rendered":"<p>&nbsp;<\/p>\n<p>El domingo, la v\u00edctima falleci\u00f3 tras recibir un fuerte golpe en el rostro.<\/p>\n<p>Aunque hay dos personas aprehendidas, hasta el momento, se espera que la justicia esclarezca lo sucedido.<\/p>\n<p>Carlos &#8220;Toto&#8221; Salvador, de 40 a\u00f1os, falleci\u00f3 como consecuencia de las graves lesiones que sufri\u00f3 al ser agredido en calle once y ocho del barrio Bonacina, cuando aparentemente hab\u00eda concurrido para cobrar una deuda. La autopsia\u00a0revel\u00f3 un traumatismo severo en la regi\u00f3n craneal, espec\u00edficamente en la zona nasal.<\/p>\n<p>Los voceros agregaron que se contin\u00faa tomando declaraciones testimoniales para determinar si podr\u00eda haber alguna otra persona relacionada con el incidente. La pareja de Toto, agradeci\u00f3 a los vecinos y amigos que marcharon, como as\u00ed tambi\u00e9n al personal policial que actu\u00f3 para esclarecer el caso.<\/p>\n<p>Desde la familia solicitan a los vecinos del sector que si alguien vio algo o tiene informaci\u00f3n se presente en la comisar\u00eda local.<\/p>\n<p>&nbsp;<\/p>\n<p><img loading=\"lazy\" decoding=\"async\" class=\"alignnone size-medium wp-image-26705\" src=\"https:\/\/infoluro.com\/wp-content\/uploads\/2025\/02\/WhatsApp-Image-2025-02-27-at-08.51.33-300x300.jpeg\" alt=\"\" width=\"300\" height=\"300\" srcset=\"https:\/\/infoluro.com\/wp-content\/uploads\/2025\/02\/WhatsApp-Image-2025-02-27-at-08.51.33-300x300.jpeg 300w, https:\/\/infoluro.com\/wp-content\/uploads\/2025\/02\/WhatsApp-Image-2025-02-27-at-08.51.33-150x150.jpeg 150w, https:\/\/infoluro.com\/wp-content\/uploads\/2025\/02\/WhatsApp-Image-2025-02-27-at-08.51.33.jpeg 720w\" sizes=\"(max-width: 300px) 100vw, 300px\" \/>\u00a0 \u00a0 \u00a0 \u00a0 \u00a0 \u00a0 \u00a0 \u00a0 <img loading=\"lazy\" decoding=\"async\" class=\"alignnone size-medium wp-image-26703\" src=\"https:\/\/infoluro.com\/wp-content\/uploads\/2025\/02\/WhatsApp-Image-2025-02-27-at-08.55.43-1-300x300.jpeg\" alt=\"\" width=\"300\" height=\"300\" srcset=\"https:\/\/infoluro.com\/wp-content\/uploads\/2025\/02\/WhatsApp-Image-2025-02-27-at-08.55.43-1-300x300.jpeg 300w, https:\/\/infoluro.com\/wp-content\/uploads\/2025\/02\/WhatsApp-Image-2025-02-27-at-08.55.43-1-150x150.jpeg 150w, https:\/\/infoluro.com\/wp-content\/uploads\/2025\/02\/WhatsApp-Image-2025-02-27-at-08.55.43-1.jpeg 720w\" sizes=\"(max-width: 300px) 100vw, 300px\" \/><\/p>\n<p>&nbsp;<\/p>\n<p><img loading=\"lazy\" decoding=\"async\" class=\"alignnone size-medium wp-image-26704\" src=\"https:\/\/infoluro.com\/wp-content\/uploads\/2025\/02\/WhatsApp-Image-2025-02-27-at-08.51.34-1-300x300.jpeg\" alt=\"\" width=\"300\" height=\"300\" srcset=\"https:\/\/infoluro.com\/wp-content\/uploads\/2025\/02\/WhatsApp-Image-2025-02-27-at-08.51.34-1-300x300.jpeg 300w, https:\/\/infoluro.com\/wp-content\/uploads\/2025\/02\/WhatsApp-Image-2025-02-27-at-08.51.34-1-150x150.jpeg 150w, https:\/\/infoluro.com\/wp-content\/uploads\/2025\/02\/WhatsApp-Image-2025-02-27-at-08.51.34-1.jpeg 720w\" sizes=\"(max-width: 300px) 100vw, 300px\" \/>\u00a0 \u00a0 <img loading=\"lazy\" decoding=\"async\" class=\"alignnone size-medium wp-image-26701\" src=\"https:\/\/infoluro.com\/wp-content\/uploads\/2025\/02\/WhatsApp-Image-2025-02-27-at-08.55.43-2-300x300.jpeg\" alt=\"\" width=\"300\" height=\"300\" srcset=\"https:\/\/infoluro.com\/wp-content\/uploads\/2025\/02\/WhatsApp-Image-2025-02-27-at-08.55.43-2-300x300.jpeg 300w, https:\/\/infoluro.com\/wp-content\/uploads\/2025\/02\/WhatsApp-Image-2025-02-27-at-08.55.43-2-150x150.jpeg 150w, https:\/\/infoluro.com\/wp-content\/uploads\/2025\/02\/WhatsApp-Image-2025-02-27-at-08.55.43-2.jpeg 720w\" sizes=\"(max-width: 300px) 100vw, 300px\" \/><\/p>\n<p>La marcha comenz\u00f3 en calle segunda 13 y 8 de la Localidad Lurense.<\/p>\n<p>&nbsp;<\/p>\n<p>&nbsp;<\/p>\n<p>&nbsp;<\/p>\n","protected":false},"excerpt":{"rendered":"<p>&nbsp; El domingo, la v\u00edctima falleci\u00f3 tras recibir un fuerte golpe en el rostro. Aunque&#8230;<\/p>\n","protected":false},"author":2,"featured_media":26702,"comment_status":"closed","ping_status":"closed","sticky":false,"template":"","format":"standard","meta":{"footnotes":""},"categories":[45,12,4,14,2,9],"tags":[],"_links":{"self":[{"href":"https:\/\/infoluro.com\/index.php?rest_route=\/wp\/v2\/posts\/26700"}],"collection":[{"href":"https:\/\/infoluro.com\/index.php?rest_route=\/wp\/v2\/posts"}],"about":[{"href":"https:\/\/infoluro.com\/index.php?rest_route=\/wp\/v2\/types\/post"}],"author":[{"embeddable":true,"href":"https:\/\/infoluro.com\/index.php?rest_route=\/wp\/v2\/users\/2"}],"replies":[{"embeddable":true,"href":"https:\/\/infoluro.com\/index.php?rest_route=%2Fwp%2Fv2%2Fcomments&post=26700"}],"version-history":[{"count":2,"href":"https:\/\/infoluro.com\/index.php?rest_route=\/wp\/v2\/posts\/26700\/revisions"}],"predecessor-version":[{"id":26707,"href":"https:\/\/infoluro.com\/index.php?rest_route=\/wp\/v2\/posts\/26700\/revisions\/26707"}],"wp:featuredmedia":[{"embeddable":true,"href":"https:\/\/infoluro.com\/index.php?rest_route=\/wp\/v2\/media\/26702"}],"wp:attachment":[{"href":"https:\/\/infoluro.com\/index.php?rest_route=%2Fwp%2Fv2%2Fmedia&parent=26700"}],"wp:term":[{"taxonomy":"category","embeddable":true,"href":"https:\/\/infoluro.com\/index.php?rest_route=%2Fwp%2Fv2%2Fcategories&post=26700"},{"taxonomy":"post_tag","embeddable":true,"href":"https:\/\/infoluro.com\/index.php?rest_route=%2Fwp%2Fv2%2Ftags&post=26700"}],"curies":[{"name":"wp","href":"https:\/\/api.w.org\/{rel}","templated":true}]}}