{"id":2673,"date":"2017-03-15T18:30:57","date_gmt":"2017-03-15T21:30:57","guid":{"rendered":"http:\/\/infoluro.com\/?p=2673"},"modified":"2017-03-15T18:30:57","modified_gmt":"2017-03-15T21:30:57","slug":"incertidumbre-sobre-las-muertes-en-juan-a-pradere","status":"publish","type":"post","link":"https:\/\/infoluro.com\/?p=2673","title":{"rendered":"Incertidumbre sobre las muertes en Juan A. Pradere"},"content":{"rendered":"<p style=\"background: white;\"><span style=\"font-size: 11.0pt; font-family: 'Arial',sans-serif; color: black;\">Las autopsias a los cuerpos de Miguel Mayer y su hijo Juan Manuel, hallados muertos en un campo de la zona de Juan A.\u00a0Pradere, hacen que crezca el misterio en torno al caso que tiene consternada a toda la poblaci\u00f3n. Es que el resultado de los estudios a los cad\u00e1veres arroj\u00f3 que padre e hijo tuvieron un \u201cdeceso violento\u201d y la nueva hip\u00f3tesis es que podr\u00edan haber sido asesinados.<\/span><!--more--><\/p>\n<p>Juan Manuel Mayer, de 18 a\u00f1os, muri\u00f3 por un disparo que recibi\u00f3 en la zona intercostal (debajo axila derecha), mientras que Miguel, de 59 falleci\u00f3 como consecuencia de un traumatismo de cr\u00e1neo.<\/p>\n<p>&#8220;Estamos en presencia de dos muertes provocadas por un tercero&#8221;, asegur\u00f3 el fiscal Mauricio Del Cero, en un medio de Bah\u00eda Blanca<\/p>\n<p>&#8220;Al no tener lesiones visibles el cuerpo de la mayor de las v\u00edctimas, eso llev\u00f3 a sacar conclusiones precipitadas. Pero esto fue descartado por la autopsia, confirmando un traumatismo de cr\u00e1neo&#8221;, complet\u00f3.<\/p>\n<p>Por el momento, la polic\u00eda y los investigadores no brindaron m\u00e1s datos, aunque s\u00ed se supo que se tomaron varias declaraciones testimoniales.<\/p>\n<p>&nbsp;<\/p>\n<p>Como se informara, los cuerpos de las v\u00edctimas fueron hallados por familiares contra un alambrado del campo Los Servos, en Colonia La Graciela.<\/p>\n<p>Voceros oficiales indicaron que en las \u00faltimas horas tomaron una serie de declaraciones testimoniales y est\u00e1n trabajando para determinar las circunstancias en que se produjeron los hechos.<\/p>\n<p>Si bien en las \u00faltimas horas hab\u00edan trascendido diferentes hip\u00f3tesis sobre lo ocurrido y los resultados de la autopsia permiten inferir que ambos habr\u00edan sido asesinados, los investigadores prefirieron por el momento ser cautos y manifestar que est\u00e1n analizando algunas pistas obtenidas.<\/p>\n<p>Fuente: La Nueva y La Brujula24<\/p>\n<p>&nbsp;<\/p>\n","protected":false},"excerpt":{"rendered":"<p>Las autopsias a los cuerpos de Miguel Mayer y su hijo Juan Manuel, hallados muertos&#8230;<\/p>\n","protected":false},"author":2,"featured_media":2659,"comment_status":"closed","ping_status":"closed","sticky":false,"template":"","format":"standard","meta":{"footnotes":""},"categories":[12,4],"tags":[],"_links":{"self":[{"href":"https:\/\/infoluro.com\/index.php?rest_route=\/wp\/v2\/posts\/2673"}],"collection":[{"href":"https:\/\/infoluro.com\/index.php?rest_route=\/wp\/v2\/posts"}],"about":[{"href":"https:\/\/infoluro.com\/index.php?rest_route=\/wp\/v2\/types\/post"}],"author":[{"embeddable":true,"href":"https:\/\/infoluro.com\/index.php?rest_route=\/wp\/v2\/users\/2"}],"replies":[{"embeddable":true,"href":"https:\/\/infoluro.com\/index.php?rest_route=%2Fwp%2Fv2%2Fcomments&post=2673"}],"version-history":[{"count":0,"href":"https:\/\/infoluro.com\/index.php?rest_route=\/wp\/v2\/posts\/2673\/revisions"}],"wp:featuredmedia":[{"embeddable":true,"href":"https:\/\/infoluro.com\/index.php?rest_route=\/wp\/v2\/media\/2659"}],"wp:attachment":[{"href":"https:\/\/infoluro.com\/index.php?rest_route=%2Fwp%2Fv2%2Fmedia&parent=2673"}],"wp:term":[{"taxonomy":"category","embeddable":true,"href":"https:\/\/infoluro.com\/index.php?rest_route=%2Fwp%2Fv2%2Fcategories&post=2673"},{"taxonomy":"post_tag","embeddable":true,"href":"https:\/\/infoluro.com\/index.php?rest_route=%2Fwp%2Fv2%2Ftags&post=2673"}],"curies":[{"name":"wp","href":"https:\/\/api.w.org\/{rel}","templated":true}]}}