{"id":26827,"date":"2025-03-18T11:36:59","date_gmt":"2025-03-18T14:36:59","guid":{"rendered":"https:\/\/infoluro.com\/?p=26827"},"modified":"2025-03-18T11:36:59","modified_gmt":"2025-03-18T14:36:59","slug":"hermanitas-hecker-hoy-nos-ayudara-la-ultima-persona-que-las-vio-con-vida","status":"publish","type":"post","link":"https:\/\/infoluro.com\/?p=26827","title":{"rendered":"Hermanitas Hecker : \u201cHoy nos ayudar\u00e1 la \u00faltima persona que las vio con vida\u201d"},"content":{"rendered":"<p>&nbsp;<\/p>\n<p>&nbsp;<\/p>\n<p>Esta ma\u00f1ana la fiscal Marina Lara, quien entiende sobre la desaparici\u00f3n de las hermanas Hecker en General Daniel Cerri el d\u00eda de la inundaci\u00f3n, brind\u00f3 detalles a la prensa sobre las tareas que llevar\u00e1n adelante. Vale recordar que en la ma\u00f1ana del lunes la magistrada ya estuvo presente en el sector de acceso a la vecina localidad y que hoy con un grupo de profesionales seguir\u00e1n trabajando al respecto.<\/p>\n<p>Seg\u00fan explic\u00f3 \u201ces una medida judicial que est\u00e1 prevista en el C\u00f3digo Procesal Penal, que tiene que ver con recrear, en alguna manera, c\u00f3mo fueron los momentos en los que se produjo el arrastre de la corriente a esta familia, a estas ni\u00f1as, y esta recreaci\u00f3n del momento, es decir, en el lugar del hecho, en el mismo lugar en que estuvieron posicionados los veh\u00edculos y la familia\u201d. Sobre lo que ocurrir\u00e1 a lo largo de hoy, detall\u00f3 que \u201cvan a participar los mismos protagonistas, y van a participar tambi\u00e9n distintos t\u00e9cnicos, cient\u00edficos tambi\u00e9n que han sido convocados con distintos estudios que han realizado, como para ver, en base a lo que vayan contando los padres de las nenas, que tambi\u00e9n ya estuvieron declarando ac\u00e1 en la Fiscal\u00eda, c\u00f3mo pudo haber sido el movimiento del agua, el desplazamiento de los objetos y d\u00f3nde pudieron haberse posicionado las v\u00edctimas o d\u00f3nde pudieron haber terminado de acuerdo a las probabilidades cient\u00edficas y t\u00e9cnicas\u201d.<\/p>\n<p>En tal sentido asegur\u00f3 que \u201cel resultado que se busca es justamente tener una certeza de d\u00f3nde pueden llegar a estar. Se ha buscado intensamente con drones, con helic\u00f3pteros, con kayaks, con buzos, rastrillaje a pie hace tres d\u00edas m\u00e1s o menos\u201d. Del mismo modo \u201cse convoc\u00f3 a una persona que vino de Espa\u00f1a con un georadar y un sonar que puntualmente lo que hacen estos dispositivos es detectar abajo del barro la posibilidad de que exista alg\u00fan cuerpo y ya se barri\u00f3 toda esa zona y el resultado ha sido negativo\u201d.<\/p>\n<p>A su vez, y dando una informaci\u00f3n poco conocida, asegur\u00f3 que \u201cva a participar un testigo que es un se\u00f1or que vive aleda\u00f1o a las v\u00edas, un se\u00f1or en situaci\u00f3n de calle que vive en el lugar que vio los \u00faltimos instantes de una de ellas\u201d. Por \u00faltimo reconoci\u00f3 que \u201cla zona obviamente es muy dificultosa para buscar. Se est\u00e1 haciendo la b\u00fasqueda en el mar. Inclusive ayer solicit\u00e9 que se env\u00ede desde la gendarmer\u00eda un georadar tambi\u00e9n para lo que es b\u00fasqueda del mar\u201d.<\/p>\n<p>Fuente: BH Info<\/p>\n<p>&nbsp;<\/p>\n<p><img loading=\"lazy\" decoding=\"async\" class=\"alignnone size-medium wp-image-26829\" src=\"https:\/\/infoluro.com\/wp-content\/uploads\/2025\/03\/WhatsApp-Image-2025-03-18-at-11.30.57-300x132.jpeg\" alt=\"\" width=\"300\" height=\"132\" srcset=\"https:\/\/infoluro.com\/wp-content\/uploads\/2025\/03\/WhatsApp-Image-2025-03-18-at-11.30.57-300x132.jpeg 300w, https:\/\/infoluro.com\/wp-content\/uploads\/2025\/03\/WhatsApp-Image-2025-03-18-at-11.30.57-1024x451.jpeg 1024w, https:\/\/infoluro.com\/wp-content\/uploads\/2025\/03\/WhatsApp-Image-2025-03-18-at-11.30.57-768x338.jpeg 768w, https:\/\/infoluro.com\/wp-content\/uploads\/2025\/03\/WhatsApp-Image-2025-03-18-at-11.30.57-1536x676.jpeg 1536w, https:\/\/infoluro.com\/wp-content\/uploads\/2025\/03\/WhatsApp-Image-2025-03-18-at-11.30.57.jpeg 1625w\" sizes=\"(max-width: 300px) 100vw, 300px\" \/><\/p>\n<p>La fiscal Marina Lara, quien entiende sobre la desaparici\u00f3n de las hermanas Hecker en General Daniel Cerri el d\u00eda de la inundaci\u00f3n, brind\u00f3 detalles a la prensa sobre las tareas que llevar\u00e1n adelante.<\/p>\n","protected":false},"excerpt":{"rendered":"<p>&nbsp; &nbsp; Esta ma\u00f1ana la fiscal Marina Lara, quien entiende sobre la desaparici\u00f3n de las&#8230;<\/p>\n","protected":false},"author":2,"featured_media":26828,"comment_status":"closed","ping_status":"closed","sticky":false,"template":"","format":"standard","meta":{"footnotes":""},"categories":[45,12,4,2,9],"tags":[],"_links":{"self":[{"href":"https:\/\/infoluro.com\/index.php?rest_route=\/wp\/v2\/posts\/26827"}],"collection":[{"href":"https:\/\/infoluro.com\/index.php?rest_route=\/wp\/v2\/posts"}],"about":[{"href":"https:\/\/infoluro.com\/index.php?rest_route=\/wp\/v2\/types\/post"}],"author":[{"embeddable":true,"href":"https:\/\/infoluro.com\/index.php?rest_route=\/wp\/v2\/users\/2"}],"replies":[{"embeddable":true,"href":"https:\/\/infoluro.com\/index.php?rest_route=%2Fwp%2Fv2%2Fcomments&post=26827"}],"version-history":[{"count":1,"href":"https:\/\/infoluro.com\/index.php?rest_route=\/wp\/v2\/posts\/26827\/revisions"}],"predecessor-version":[{"id":26830,"href":"https:\/\/infoluro.com\/index.php?rest_route=\/wp\/v2\/posts\/26827\/revisions\/26830"}],"wp:featuredmedia":[{"embeddable":true,"href":"https:\/\/infoluro.com\/index.php?rest_route=\/wp\/v2\/media\/26828"}],"wp:attachment":[{"href":"https:\/\/infoluro.com\/index.php?rest_route=%2Fwp%2Fv2%2Fmedia&parent=26827"}],"wp:term":[{"taxonomy":"category","embeddable":true,"href":"https:\/\/infoluro.com\/index.php?rest_route=%2Fwp%2Fv2%2Fcategories&post=26827"},{"taxonomy":"post_tag","embeddable":true,"href":"https:\/\/infoluro.com\/index.php?rest_route=%2Fwp%2Fv2%2Ftags&post=26827"}],"curies":[{"name":"wp","href":"https:\/\/api.w.org\/{rel}","templated":true}]}}