{"id":2683,"date":"2017-03-16T10:03:10","date_gmt":"2017-03-16T13:03:10","guid":{"rendered":"http:\/\/infoluro.com\/?p=2683"},"modified":"2017-03-16T10:18:12","modified_gmt":"2017-03-16T13:18:12","slug":"se-aprobo-la-2da-etapa-el-acueducto-pedro-luro-bahia-blanca","status":"publish","type":"post","link":"https:\/\/infoluro.com\/?p=2683","title":{"rendered":"Se aprob\u00f3 la 2da etapa el Acueducto Pedro Luro- Bah\u00eda Blanca"},"content":{"rendered":"<p>En las \u00faltimas horas la CAF\u00a0 (Coorporac\u00f3n Andina de Fomento) aprob\u00f3 \u00a0un cr\u00e9dito por 130 millones de d\u00f3lares para la construcci\u00f3n del acueducto del Rio Colorado entre Pedro Luro y Bah\u00eda Blanca. La segunda etapa del proyecto complementa el primer tramo de la obra,\u00a0que ya hab\u00eda sido financiado por la CAF con 150 millones de d\u00f3lares.\u00a0 \u201cEs una obra de suma importancia para la regi\u00f3n\u201d manifest\u00f3 a la Zfm Le\u00f3n Somenson, Administrador General de CORFO. Se deben terminar los pliegos de licitaci\u00f3n y una vez publicado (entre 2 y 3 meses), se abrir\u00e1 el concurso de empresas oferentes. La obra tiene un plazo de construcci\u00f3n de 5 a\u00f1os.\u00a0 El proyecto incluye la construcci\u00f3n del acueducto de 140 kil\u00f3metros una planta potabilizadora en Pedro Luro, cuatro cisternas y dos estaciones de bombeo.<\/p>\n<!--[if lt IE 9]><script>document.createElement('audio');<\/script><![endif]-->\n<audio class=\"wp-audio-shortcode\" id=\"audio-2683-1\" preload=\"none\" style=\"width: 100%;\" controls=\"controls\"><source type=\"audio\/mpeg\" src=\"https:\/\/infoluro.com\/wp-content\/uploads\/2017\/03\/SOMENSON16032017.mp3?_=1\" \/><a href=\"https:\/\/infoluro.com\/wp-content\/uploads\/2017\/03\/SOMENSON16032017.mp3\">https:\/\/infoluro.com\/wp-content\/uploads\/2017\/03\/SOMENSON16032017.mp3<\/a><\/audio>\n<p><!--more--><\/p>\n<p>&nbsp;<\/p>\n<p>La segunda etapa del proyecto complementa el primer tramo de la obra,\u00a0que ya hab\u00eda sido financiado por la CAF con 150 millones de d\u00f3lares<\/p>\n<p>El proyecto aprobado ser\u00e1 ejecutado por el Gobierno de la provincia de Buenos Aires y el cr\u00e9dito cubrir\u00e1 el 80 % del coste de la obra.<\/p>\n<p>Seg\u00fan la informaci\u00f3n oficial, el plazo del pr\u00e9stamo ser\u00e1 de hasta quince a\u00f1os e incluye un per\u00edodo de gracia de 54 meses.<\/p>\n<p>El proyecto incluye la construcci\u00f3n de un acueducto de 140 kil\u00f3metros entre Bah\u00eda Blanca y Pedro Luro, una planta potabilizadora en esta \u00faltima localidad, cuatro cisternas y dos estaciones de bombeo. (EFE)<\/p>\n<p>&nbsp;<\/p>\n","protected":false},"excerpt":{"rendered":"<p>En las \u00faltimas horas la CAF\u00a0 (Coorporac\u00f3n Andina de Fomento) aprob\u00f3 \u00a0un cr\u00e9dito por 130&#8230;<\/p>\n","protected":false},"author":2,"featured_media":2685,"comment_status":"closed","ping_status":"closed","sticky":false,"template":"","format":"standard","meta":{"footnotes":""},"categories":[12],"tags":[],"_links":{"self":[{"href":"https:\/\/infoluro.com\/index.php?rest_route=\/wp\/v2\/posts\/2683"}],"collection":[{"href":"https:\/\/infoluro.com\/index.php?rest_route=\/wp\/v2\/posts"}],"about":[{"href":"https:\/\/infoluro.com\/index.php?rest_route=\/wp\/v2\/types\/post"}],"author":[{"embeddable":true,"href":"https:\/\/infoluro.com\/index.php?rest_route=\/wp\/v2\/users\/2"}],"replies":[{"embeddable":true,"href":"https:\/\/infoluro.com\/index.php?rest_route=%2Fwp%2Fv2%2Fcomments&post=2683"}],"version-history":[{"count":0,"href":"https:\/\/infoluro.com\/index.php?rest_route=\/wp\/v2\/posts\/2683\/revisions"}],"wp:featuredmedia":[{"embeddable":true,"href":"https:\/\/infoluro.com\/index.php?rest_route=\/wp\/v2\/media\/2685"}],"wp:attachment":[{"href":"https:\/\/infoluro.com\/index.php?rest_route=%2Fwp%2Fv2%2Fmedia&parent=2683"}],"wp:term":[{"taxonomy":"category","embeddable":true,"href":"https:\/\/infoluro.com\/index.php?rest_route=%2Fwp%2Fv2%2Fcategories&post=2683"},{"taxonomy":"post_tag","embeddable":true,"href":"https:\/\/infoluro.com\/index.php?rest_route=%2Fwp%2Fv2%2Ftags&post=2683"}],"curies":[{"name":"wp","href":"https:\/\/api.w.org\/{rel}","templated":true}]}}